{"id":61366,"date":"2025-01-07T17:12:05","date_gmt":"2025-01-07T16:12:05","guid":{"rendered":"https:\/\/www.tornabuoniart.com\/?p=61366"},"modified":"2025-01-07T17:20:41","modified_gmt":"2025-01-07T16:20:41","slug":"mario-ceroli-e-renato-mambor-alla-mostra-pop-beat-italia-1960-1979-basilica-palladiana-vicenza","status":"publish","type":"post","link":"https:\/\/www.tornabuoniart.com\/it\/mario-ceroli-e-renato-mambor-alla-mostra-pop-beat-italia-1960-1979-basilica-palladiana-vicenza\/","title":{"rendered":"Mario Ceroli e Renato Mambor alla mostra \u201cPOP \/ BEAT, Italia 1960 &#8211; 1979 \u201d \u2013 Basilica Palladiana, Vicenza"},"content":{"rendered":"<div class=\"wpb-content-wrapper\"><p>[vc_row][vc_column][vc_column_text]<\/p>\n<p style=\"text-align: center;\"><span style=\"color: #808080;\"><em><a style=\"color: #808080;\" href=\"https:\/\/tornabuoniart.com\/it\/news-it\/\">&lt;&lt; torna alle news<\/a><\/em><\/span><\/p>\n<p>[\/vc_column_text][\/vc_column][\/vc_row][vc_row][vc_column][vc_single_image image=&#8221;61367&#8243; img_size=&#8221;full&#8221; alignment=&#8221;center&#8221; onclick=&#8221;link_image&#8221; css=&#8221;&#8221;][\/vc_column][\/vc_row][vc_row][vc_column][vc_column_text css=&#8221;&#8221;]<\/p>\n<p style=\"text-align: center;\"><strong>POP \/ BEAT, Italia 1960-1979<\/strong><br \/>\nBasilica Palladiana, Vicenza<br \/>\n2 marzo \u2013 30 giugno 2024<\/p>\n<p>Tornabuoni Art \u00e8 lieta di partecipare alla mostra &#8220;POP \/ BEAT, Italia 1960-1979&#8221;, progetto inedito che racconta le generazioni Pop e Beat italiane, caratterizzate da una visione ottimista tipica di questo movimento nato tra le strade italiane alla fine degli anni Sessanta e sviluppatosi nel corso degli anni Settanta.<br \/>\nLa galleria contribuisce attraverso il prestito di tre opere: &#8220;Io (sfera utilizzata nell\u2019azione Piramide di Ghiaccio)&#8221; di Mario Ceroli del 1968, e due opere di Renato Mambor, &#8220;La partita di pallone&#8221; del 1965 e &#8220;Natura morta e materia&#8221; del 1966.<\/p>\n<p>Curata da Roberto Floreani per conto del Comune di Vicenza e di Silvana Editoriale, la mostra, allestita presso la Basilica Palladiana, mette in luce l\u2019unicit\u00e0 della Pop Art italiana in Europa, la sua autonomia rispetto all\u2019arte americana e le sostanziali differenze tra gli stessi artisti italiani.<\/p>\n<p>Un viaggio nell\u2019Italia degli anni Sessanta e Settanta attraverso le opere dei pi\u00f9 importanti artisti italiani della Pop Art e della Beat Generation.<\/p>\n<p>L\u2019evento si inserisce all\u2019interno di un denso programma di attivit\u00e0 performative organizzate nel contesto culturale della citt\u00e0, offrendo cos\u00ec ai visitatori l\u2019opportunit\u00e0 di immergersi completamente in questo significativo periodo storico.<\/p>\n<p>La sezione Pop presenta in totale quasi un centinaio di opere di 35 artisti diversi, tra cui Valerio Adami, Franco Angeli, Enrico Baj, Roberto Barni, Gianni Bertini, Mario Ceroli, Lucio Del Pezzo, Tano Festa, Giosetta Fioroni, Piero Gilardi, Sergio Lombardo, Renato Mambor, Aldo Mondino, Ugo Nespolo, Pino Pascali, Mimmo Rotella, Mario Schifano, Cesare Tacchi ed Emilio Tadini.<\/p>\n<p>La mostra \u00e8 visitabile fino al 30 giugno 2024.[\/vc_column_text][\/vc_column][\/vc_row]<\/p>\n<\/div>","protected":false},"excerpt":{"rendered":"<p>[vc_row][vc_column][vc_column_text] &lt;&lt; torna alle news [\/vc_column_text][\/vc_column][\/vc_row][vc_row][vc_column][vc_single_image image=&#8221;61367&#8243; img_size=&#8221;full&#8221; alignment=&#8221;center&#8221; onclick=&#8221;link_image&#8221; css=&#8221;&#8221;][\/vc_column][\/vc_row][vc_row][vc_column][vc_column_text css=&#8221;&#8221;] POP \/ BEAT, Italia 1960-1979 Basilica Palladiana, Vicenza 2 marzo \u2013 30 giugno 2024<\/p>\n","protected":false},"author":5,"featured_media":61367,"comment_status":"closed","ping_status":"open","sticky":false,"template":"","format":"standard","meta":{"_acf_changed":false,"footnotes":""},"categories":[309,1],"tags":[],"class_list":["post-61366","post","type-post","status-publish","format-standard","has-post-thumbnail","hentry","category-309","category-news"],"acf":[],"yoast_head":"<!-- This site is optimized with the Yoast SEO plugin v27.4 - https:\/\/yoast.com\/product\/yoast-seo-wordpress\/ -->\n<title>Mario Ceroli e Renato Mambor alla mostra \u201cPOP \/ BEAT, Italia 1960 - 1979 \u201d \u2013 Basilica Palladiana, Vicenza - Tornabuoni Art<\/title>\n<meta name=\"robots\" content=\"index, follow, max-snippet:-1, max-image-preview:large, max-video-preview:-1\" \/>\n<link rel=\"canonical\" href=\"https:\/\/www.tornabuoniart.com\/it\/mario-ceroli-e-renato-mambor-alla-mostra-pop-beat-italia-1960-1979-basilica-palladiana-vicenza\/\" \/>\n<meta property=\"og:locale\" content=\"it_IT\" \/>\n<meta property=\"og:type\" content=\"article\" \/>\n<meta property=\"og:title\" content=\"Mario Ceroli e Renato Mambor alla mostra \u201cPOP \/ BEAT, Italia 1960 - 1979 \u201d \u2013 Basilica Palladiana, Vicenza - Tornabuoni Art\" \/>\n<meta property=\"og:description\" content=\"[vc_row][vc_column][vc_column_text] &lt;&lt; torna alle news [\/vc_column_text][\/vc_column][\/vc_row][vc_row][vc_column][vc_single_image image=&#8221;61367&#8243; img_size=&#8221;full&#8221; alignment=&#8221;center&#8221; onclick=&#8221;link_image&#8221; css=&#8221;&#8221;][\/vc_column][\/vc_row][vc_row][vc_column][vc_column_text css=&#8221;&#8221;] POP \/ BEAT, Italia 1960-1979 Basilica Palladiana, Vicenza 2 marzo \u2013 30 giugno 2024\" \/>\n<meta property=\"og:url\" content=\"https:\/\/www.tornabuoniart.com\/it\/mario-ceroli-e-renato-mambor-alla-mostra-pop-beat-italia-1960-1979-basilica-palladiana-vicenza\/\" \/>\n<meta property=\"og:site_name\" content=\"Tornabuoni Art\" \/>\n<meta property=\"article:publisher\" content=\"https:\/\/www.facebook.com\/TornabuoniArt\/\" \/>\n<meta property=\"article:published_time\" content=\"2025-01-07T16:12:05+00:00\" \/>\n<meta property=\"article:modified_time\" content=\"2025-01-07T16:20:41+00:00\" \/>\n<meta property=\"og:image\" content=\"https:\/\/www.tornabuoniart.com\/wp-content\/uploads\/2025\/01\/Ceroli_1-\u00a9-Marianna-Castelluccio-scaled.jpg\" \/>\n\t<meta property=\"og:image:width\" content=\"2560\" \/>\n\t<meta property=\"og:image:height\" content=\"1690\" \/>\n\t<meta property=\"og:image:type\" content=\"image\/jpeg\" \/>\n<meta name=\"author\" content=\"TornabuoniArte Paris\" \/>\n<meta name=\"twitter:card\" content=\"summary_large_image\" \/>\n<meta name=\"twitter:creator\" content=\"@TornabuoniArt\" \/>\n<meta name=\"twitter:site\" content=\"@TornabuoniArt\" \/>\n<meta name=\"twitter:label1\" content=\"Scritto da\" \/>\n\t<meta name=\"twitter:data1\" content=\"TornabuoniArte Paris\" \/>\n\t<meta name=\"twitter:label2\" content=\"Tempo di lettura stimato\" \/>\n\t<meta name=\"twitter:data2\" content=\"2 minuti\" \/>\n<script type=\"application\/ld+json\" class=\"yoast-schema-graph\">{\"@context\":\"https:\\\/\\\/schema.org\",\"@graph\":[{\"@type\":\"Article\",\"@id\":\"https:\\\/\\\/www.tornabuoniart.com\\\/it\\\/mario-ceroli-e-renato-mambor-alla-mostra-pop-beat-italia-1960-1979-basilica-palladiana-vicenza\\\/#article\",\"isPartOf\":{\"@id\":\"https:\\\/\\\/www.tornabuoniart.com\\\/it\\\/mario-ceroli-e-renato-mambor-alla-mostra-pop-beat-italia-1960-1979-basilica-palladiana-vicenza\\\/\"},\"author\":{\"name\":\"TornabuoniArte Paris\",\"@id\":\"https:\\\/\\\/www.tornabuoniart.com\\\/en\\\/#\\\/schema\\\/person\\\/e3a3961876c55fe7985792c5c806fff0\"},\"headline\":\"Mario Ceroli e Renato Mambor alla mostra \u201cPOP \\\/ BEAT, Italia 1960 &#8211; 1979 \u201d \u2013 Basilica Palladiana, Vicenza\",\"datePublished\":\"2025-01-07T16:12:05+00:00\",\"dateModified\":\"2025-01-07T16:20:41+00:00\",\"mainEntityOfPage\":{\"@id\":\"https:\\\/\\\/www.tornabuoniart.com\\\/it\\\/mario-ceroli-e-renato-mambor-alla-mostra-pop-beat-italia-1960-1979-basilica-palladiana-vicenza\\\/\"},\"wordCount\":330,\"publisher\":{\"@id\":\"https:\\\/\\\/www.tornabuoniart.com\\\/en\\\/#organization\"},\"image\":{\"@id\":\"https:\\\/\\\/www.tornabuoniart.com\\\/it\\\/mario-ceroli-e-renato-mambor-alla-mostra-pop-beat-italia-1960-1979-basilica-palladiana-vicenza\\\/#primaryimage\"},\"thumbnailUrl\":\"https:\\\/\\\/www.tornabuoniart.com\\\/wp-content\\\/uploads\\\/2025\\\/01\\\/Ceroli_1-\u00a9-Marianna-Castelluccio-scaled.jpg\",\"articleSection\":[\"2024\",\"News\"],\"inLanguage\":\"it-IT\"},{\"@type\":\"WebPage\",\"@id\":\"https:\\\/\\\/www.tornabuoniart.com\\\/it\\\/mario-ceroli-e-renato-mambor-alla-mostra-pop-beat-italia-1960-1979-basilica-palladiana-vicenza\\\/\",\"url\":\"https:\\\/\\\/www.tornabuoniart.com\\\/it\\\/mario-ceroli-e-renato-mambor-alla-mostra-pop-beat-italia-1960-1979-basilica-palladiana-vicenza\\\/\",\"name\":\"Mario Ceroli e Renato Mambor alla mostra \u201cPOP \\\/ BEAT, Italia 1960 - 1979 \u201d \u2013 Basilica Palladiana, Vicenza - Tornabuoni Art\",\"isPartOf\":{\"@id\":\"https:\\\/\\\/www.tornabuoniart.com\\\/en\\\/#website\"},\"primaryImageOfPage\":{\"@id\":\"https:\\\/\\\/www.tornabuoniart.com\\\/it\\\/mario-ceroli-e-renato-mambor-alla-mostra-pop-beat-italia-1960-1979-basilica-palladiana-vicenza\\\/#primaryimage\"},\"image\":{\"@id\":\"https:\\\/\\\/www.tornabuoniart.com\\\/it\\\/mario-ceroli-e-renato-mambor-alla-mostra-pop-beat-italia-1960-1979-basilica-palladiana-vicenza\\\/#primaryimage\"},\"thumbnailUrl\":\"https:\\\/\\\/www.tornabuoniart.com\\\/wp-content\\\/uploads\\\/2025\\\/01\\\/Ceroli_1-\u00a9-Marianna-Castelluccio-scaled.jpg\",\"datePublished\":\"2025-01-07T16:12:05+00:00\",\"dateModified\":\"2025-01-07T16:20:41+00:00\",\"breadcrumb\":{\"@id\":\"https:\\\/\\\/www.tornabuoniart.com\\\/it\\\/mario-ceroli-e-renato-mambor-alla-mostra-pop-beat-italia-1960-1979-basilica-palladiana-vicenza\\\/#breadcrumb\"},\"inLanguage\":\"it-IT\",\"potentialAction\":[{\"@type\":\"ReadAction\",\"target\":[\"https:\\\/\\\/www.tornabuoniart.com\\\/it\\\/mario-ceroli-e-renato-mambor-alla-mostra-pop-beat-italia-1960-1979-basilica-palladiana-vicenza\\\/\"]}]},{\"@type\":\"ImageObject\",\"inLanguage\":\"it-IT\",\"@id\":\"https:\\\/\\\/www.tornabuoniart.com\\\/it\\\/mario-ceroli-e-renato-mambor-alla-mostra-pop-beat-italia-1960-1979-basilica-palladiana-vicenza\\\/#primaryimage\",\"url\":\"https:\\\/\\\/www.tornabuoniart.com\\\/wp-content\\\/uploads\\\/2025\\\/01\\\/Ceroli_1-\u00a9-Marianna-Castelluccio-scaled.jpg\",\"contentUrl\":\"https:\\\/\\\/www.tornabuoniart.com\\\/wp-content\\\/uploads\\\/2025\\\/01\\\/Ceroli_1-\u00a9-Marianna-Castelluccio-scaled.jpg\",\"width\":2560,\"height\":1690},{\"@type\":\"BreadcrumbList\",\"@id\":\"https:\\\/\\\/www.tornabuoniart.com\\\/it\\\/mario-ceroli-e-renato-mambor-alla-mostra-pop-beat-italia-1960-1979-basilica-palladiana-vicenza\\\/#breadcrumb\",\"itemListElement\":[{\"@type\":\"ListItem\",\"position\":1,\"name\":\"Home\",\"item\":\"https:\\\/\\\/www.tornabuoniart.com\\\/it\\\/\"},{\"@type\":\"ListItem\",\"position\":2,\"name\":\"Mario Ceroli e Renato Mambor alla mostra \u201cPOP \\\/ BEAT, Italia 1960 &#8211; 1979 \u201d \u2013 Basilica Palladiana, Vicenza\"}]},{\"@type\":\"WebSite\",\"@id\":\"https:\\\/\\\/www.tornabuoniart.com\\\/en\\\/#website\",\"url\":\"https:\\\/\\\/www.tornabuoniart.com\\\/en\\\/\",\"name\":\"Tornabuoni Art\",\"description\":\"Modern &amp; Contemporary Art Gallery\",\"publisher\":{\"@id\":\"https:\\\/\\\/www.tornabuoniart.com\\\/en\\\/#organization\"},\"potentialAction\":[{\"@type\":\"SearchAction\",\"target\":{\"@type\":\"EntryPoint\",\"urlTemplate\":\"https:\\\/\\\/www.tornabuoniart.com\\\/en\\\/?s={search_term_string}\"},\"query-input\":{\"@type\":\"PropertyValueSpecification\",\"valueRequired\":true,\"valueName\":\"search_term_string\"}}],\"inLanguage\":\"it-IT\"},{\"@type\":\"Organization\",\"@id\":\"https:\\\/\\\/www.tornabuoniart.com\\\/en\\\/#organization\",\"name\":\"Tornabuoni Art\",\"url\":\"https:\\\/\\\/www.tornabuoniart.com\\\/en\\\/\",\"logo\":{\"@type\":\"ImageObject\",\"inLanguage\":\"it-IT\",\"@id\":\"https:\\\/\\\/www.tornabuoniart.com\\\/en\\\/#\\\/schema\\\/logo\\\/image\\\/\",\"url\":\"http:\\\/\\\/www.tornabuoniart.com\\\/wp-content\\\/uploads\\\/2019\\\/04\\\/logo_tornabuoni-art2-2-grey.png\",\"contentUrl\":\"http:\\\/\\\/www.tornabuoniart.com\\\/wp-content\\\/uploads\\\/2019\\\/04\\\/logo_tornabuoni-art2-2-grey.png\",\"width\":961,\"height\":136,\"caption\":\"Tornabuoni Art\"},\"image\":{\"@id\":\"https:\\\/\\\/www.tornabuoniart.com\\\/en\\\/#\\\/schema\\\/logo\\\/image\\\/\"},\"sameAs\":[\"https:\\\/\\\/www.facebook.com\\\/TornabuoniArt\\\/\",\"https:\\\/\\\/x.com\\\/TornabuoniArt\",\"https:\\\/\\\/www.instagram.com\\\/tornabuoniart\\\/\"]},{\"@type\":\"Person\",\"@id\":\"https:\\\/\\\/www.tornabuoniart.com\\\/en\\\/#\\\/schema\\\/person\\\/e3a3961876c55fe7985792c5c806fff0\",\"name\":\"TornabuoniArte Paris\",\"image\":{\"@type\":\"ImageObject\",\"inLanguage\":\"it-IT\",\"@id\":\"https:\\\/\\\/secure.gravatar.com\\\/avatar\\\/2bc2bba47aee0dad7617f047f148e7f6d09795b36f82a9708d50a1e02175ba49?s=96&d=mm&r=g\",\"url\":\"https:\\\/\\\/secure.gravatar.com\\\/avatar\\\/2bc2bba47aee0dad7617f047f148e7f6d09795b36f82a9708d50a1e02175ba49?s=96&d=mm&r=g\",\"contentUrl\":\"https:\\\/\\\/secure.gravatar.com\\\/avatar\\\/2bc2bba47aee0dad7617f047f148e7f6d09795b36f82a9708d50a1e02175ba49?s=96&d=mm&r=g\",\"caption\":\"TornabuoniArte Paris\"},\"url\":\"https:\\\/\\\/www.tornabuoniart.com\\\/it\\\/author\\\/tornabuoniartparis\\\/\"}]}<\/script>\n<!-- \/ Yoast SEO plugin. -->","yoast_head_json":{"title":"Mario Ceroli e Renato Mambor alla mostra \u201cPOP \/ BEAT, Italia 1960 - 1979 \u201d \u2013 Basilica Palladiana, Vicenza - Tornabuoni Art","robots":{"index":"index","follow":"follow","max-snippet":"max-snippet:-1","max-image-preview":"max-image-preview:large","max-video-preview":"max-video-preview:-1"},"canonical":"https:\/\/www.tornabuoniart.com\/it\/mario-ceroli-e-renato-mambor-alla-mostra-pop-beat-italia-1960-1979-basilica-palladiana-vicenza\/","og_locale":"it_IT","og_type":"article","og_title":"Mario Ceroli e Renato Mambor alla mostra \u201cPOP \/ BEAT, Italia 1960 - 1979 \u201d \u2013 Basilica Palladiana, Vicenza - Tornabuoni Art","og_description":"[vc_row][vc_column][vc_column_text] &lt;&lt; torna alle news [\/vc_column_text][\/vc_column][\/vc_row][vc_row][vc_column][vc_single_image image=&#8221;61367&#8243; img_size=&#8221;full&#8221; alignment=&#8221;center&#8221; onclick=&#8221;link_image&#8221; css=&#8221;&#8221;][\/vc_column][\/vc_row][vc_row][vc_column][vc_column_text css=&#8221;&#8221;] POP \/ BEAT, Italia 1960-1979 Basilica Palladiana, Vicenza 2 marzo \u2013 30 giugno 2024","og_url":"https:\/\/www.tornabuoniart.com\/it\/mario-ceroli-e-renato-mambor-alla-mostra-pop-beat-italia-1960-1979-basilica-palladiana-vicenza\/","og_site_name":"Tornabuoni Art","article_publisher":"https:\/\/www.facebook.com\/TornabuoniArt\/","article_published_time":"2025-01-07T16:12:05+00:00","article_modified_time":"2025-01-07T16:20:41+00:00","og_image":[{"width":2560,"height":1690,"url":"https:\/\/www.tornabuoniart.com\/wp-content\/uploads\/2025\/01\/Ceroli_1-\u00a9-Marianna-Castelluccio-scaled.jpg","type":"image\/jpeg"}],"author":"TornabuoniArte Paris","twitter_card":"summary_large_image","twitter_creator":"@TornabuoniArt","twitter_site":"@TornabuoniArt","twitter_misc":{"Scritto da":"TornabuoniArte Paris","Tempo di lettura stimato":"2 minuti"},"schema":{"@context":"https:\/\/schema.org","@graph":[{"@type":"Article","@id":"https:\/\/www.tornabuoniart.com\/it\/mario-ceroli-e-renato-mambor-alla-mostra-pop-beat-italia-1960-1979-basilica-palladiana-vicenza\/#article","isPartOf":{"@id":"https:\/\/www.tornabuoniart.com\/it\/mario-ceroli-e-renato-mambor-alla-mostra-pop-beat-italia-1960-1979-basilica-palladiana-vicenza\/"},"author":{"name":"TornabuoniArte Paris","@id":"https:\/\/www.tornabuoniart.com\/en\/#\/schema\/person\/e3a3961876c55fe7985792c5c806fff0"},"headline":"Mario Ceroli e Renato Mambor alla mostra \u201cPOP \/ BEAT, Italia 1960 &#8211; 1979 \u201d \u2013 Basilica Palladiana, Vicenza","datePublished":"2025-01-07T16:12:05+00:00","dateModified":"2025-01-07T16:20:41+00:00","mainEntityOfPage":{"@id":"https:\/\/www.tornabuoniart.com\/it\/mario-ceroli-e-renato-mambor-alla-mostra-pop-beat-italia-1960-1979-basilica-palladiana-vicenza\/"},"wordCount":330,"publisher":{"@id":"https:\/\/www.tornabuoniart.com\/en\/#organization"},"image":{"@id":"https:\/\/www.tornabuoniart.com\/it\/mario-ceroli-e-renato-mambor-alla-mostra-pop-beat-italia-1960-1979-basilica-palladiana-vicenza\/#primaryimage"},"thumbnailUrl":"https:\/\/www.tornabuoniart.com\/wp-content\/uploads\/2025\/01\/Ceroli_1-\u00a9-Marianna-Castelluccio-scaled.jpg","articleSection":["2024","News"],"inLanguage":"it-IT"},{"@type":"WebPage","@id":"https:\/\/www.tornabuoniart.com\/it\/mario-ceroli-e-renato-mambor-alla-mostra-pop-beat-italia-1960-1979-basilica-palladiana-vicenza\/","url":"https:\/\/www.tornabuoniart.com\/it\/mario-ceroli-e-renato-mambor-alla-mostra-pop-beat-italia-1960-1979-basilica-palladiana-vicenza\/","name":"Mario Ceroli e Renato Mambor alla mostra \u201cPOP \/ BEAT, Italia 1960 - 1979 \u201d \u2013 Basilica Palladiana, Vicenza - Tornabuoni Art","isPartOf":{"@id":"https:\/\/www.tornabuoniart.com\/en\/#website"},"primaryImageOfPage":{"@id":"https:\/\/www.tornabuoniart.com\/it\/mario-ceroli-e-renato-mambor-alla-mostra-pop-beat-italia-1960-1979-basilica-palladiana-vicenza\/#primaryimage"},"image":{"@id":"https:\/\/www.tornabuoniart.com\/it\/mario-ceroli-e-renato-mambor-alla-mostra-pop-beat-italia-1960-1979-basilica-palladiana-vicenza\/#primaryimage"},"thumbnailUrl":"https:\/\/www.tornabuoniart.com\/wp-content\/uploads\/2025\/01\/Ceroli_1-\u00a9-Marianna-Castelluccio-scaled.jpg","datePublished":"2025-01-07T16:12:05+00:00","dateModified":"2025-01-07T16:20:41+00:00","breadcrumb":{"@id":"https:\/\/www.tornabuoniart.com\/it\/mario-ceroli-e-renato-mambor-alla-mostra-pop-beat-italia-1960-1979-basilica-palladiana-vicenza\/#breadcrumb"},"inLanguage":"it-IT","potentialAction":[{"@type":"ReadAction","target":["https:\/\/www.tornabuoniart.com\/it\/mario-ceroli-e-renato-mambor-alla-mostra-pop-beat-italia-1960-1979-basilica-palladiana-vicenza\/"]}]},{"@type":"ImageObject","inLanguage":"it-IT","@id":"https:\/\/www.tornabuoniart.com\/it\/mario-ceroli-e-renato-mambor-alla-mostra-pop-beat-italia-1960-1979-basilica-palladiana-vicenza\/#primaryimage","url":"https:\/\/www.tornabuoniart.com\/wp-content\/uploads\/2025\/01\/Ceroli_1-\u00a9-Marianna-Castelluccio-scaled.jpg","contentUrl":"https:\/\/www.tornabuoniart.com\/wp-content\/uploads\/2025\/01\/Ceroli_1-\u00a9-Marianna-Castelluccio-scaled.jpg","width":2560,"height":1690},{"@type":"BreadcrumbList","@id":"https:\/\/www.tornabuoniart.com\/it\/mario-ceroli-e-renato-mambor-alla-mostra-pop-beat-italia-1960-1979-basilica-palladiana-vicenza\/#breadcrumb","itemListElement":[{"@type":"ListItem","position":1,"name":"Home","item":"https:\/\/www.tornabuoniart.com\/it\/"},{"@type":"ListItem","position":2,"name":"Mario Ceroli e Renato Mambor alla mostra \u201cPOP \/ BEAT, Italia 1960 &#8211; 1979 \u201d \u2013 Basilica Palladiana, Vicenza"}]},{"@type":"WebSite","@id":"https:\/\/www.tornabuoniart.com\/en\/#website","url":"https:\/\/www.tornabuoniart.com\/en\/","name":"Tornabuoni Art","description":"Modern &amp; Contemporary Art Gallery","publisher":{"@id":"https:\/\/www.tornabuoniart.com\/en\/#organization"},"potentialAction":[{"@type":"SearchAction","target":{"@type":"EntryPoint","urlTemplate":"https:\/\/www.tornabuoniart.com\/en\/?s={search_term_string}"},"query-input":{"@type":"PropertyValueSpecification","valueRequired":true,"valueName":"search_term_string"}}],"inLanguage":"it-IT"},{"@type":"Organization","@id":"https:\/\/www.tornabuoniart.com\/en\/#organization","name":"Tornabuoni Art","url":"https:\/\/www.tornabuoniart.com\/en\/","logo":{"@type":"ImageObject","inLanguage":"it-IT","@id":"https:\/\/www.tornabuoniart.com\/en\/#\/schema\/logo\/image\/","url":"http:\/\/www.tornabuoniart.com\/wp-content\/uploads\/2019\/04\/logo_tornabuoni-art2-2-grey.png","contentUrl":"http:\/\/www.tornabuoniart.com\/wp-content\/uploads\/2019\/04\/logo_tornabuoni-art2-2-grey.png","width":961,"height":136,"caption":"Tornabuoni Art"},"image":{"@id":"https:\/\/www.tornabuoniart.com\/en\/#\/schema\/logo\/image\/"},"sameAs":["https:\/\/www.facebook.com\/TornabuoniArt\/","https:\/\/x.com\/TornabuoniArt","https:\/\/www.instagram.com\/tornabuoniart\/"]},{"@type":"Person","@id":"https:\/\/www.tornabuoniart.com\/en\/#\/schema\/person\/e3a3961876c55fe7985792c5c806fff0","name":"TornabuoniArte Paris","image":{"@type":"ImageObject","inLanguage":"it-IT","@id":"https:\/\/secure.gravatar.com\/avatar\/2bc2bba47aee0dad7617f047f148e7f6d09795b36f82a9708d50a1e02175ba49?s=96&d=mm&r=g","url":"https:\/\/secure.gravatar.com\/avatar\/2bc2bba47aee0dad7617f047f148e7f6d09795b36f82a9708d50a1e02175ba49?s=96&d=mm&r=g","contentUrl":"https:\/\/secure.gravatar.com\/avatar\/2bc2bba47aee0dad7617f047f148e7f6d09795b36f82a9708d50a1e02175ba49?s=96&d=mm&r=g","caption":"TornabuoniArte Paris"},"url":"https:\/\/www.tornabuoniart.com\/it\/author\/tornabuoniartparis\/"}]}},"_links":{"self":[{"href":"https:\/\/www.tornabuoniart.com\/it\/wp-json\/wp\/v2\/posts\/61366","targetHints":{"allow":["GET"]}}],"collection":[{"href":"https:\/\/www.tornabuoniart.com\/it\/wp-json\/wp\/v2\/posts"}],"about":[{"href":"https:\/\/www.tornabuoniart.com\/it\/wp-json\/wp\/v2\/types\/post"}],"author":[{"embeddable":true,"href":"https:\/\/www.tornabuoniart.com\/it\/wp-json\/wp\/v2\/users\/5"}],"replies":[{"embeddable":true,"href":"https:\/\/www.tornabuoniart.com\/it\/wp-json\/wp\/v2\/comments?post=61366"}],"version-history":[{"count":2,"href":"https:\/\/www.tornabuoniart.com\/it\/wp-json\/wp\/v2\/posts\/61366\/revisions"}],"predecessor-version":[{"id":61400,"href":"https:\/\/www.tornabuoniart.com\/it\/wp-json\/wp\/v2\/posts\/61366\/revisions\/61400"}],"wp:featuredmedia":[{"embeddable":true,"href":"https:\/\/www.tornabuoniart.com\/it\/wp-json\/wp\/v2\/media\/61367"}],"wp:attachment":[{"href":"https:\/\/www.tornabuoniart.com\/it\/wp-json\/wp\/v2\/media?parent=61366"}],"wp:term":[{"taxonomy":"category","embeddable":true,"href":"https:\/\/www.tornabuoniart.com\/it\/wp-json\/wp\/v2\/categories?post=61366"},{"taxonomy":"post_tag","embeddable":true,"href":"https:\/\/www.tornabuoniart.com\/it\/wp-json\/wp\/v2\/tags?post=61366"}],"curies":[{"name":"wp","href":"https:\/\/api.w.org\/{rel}","templated":true}]}}