{"id":45352,"date":"2022-04-08T12:38:39","date_gmt":"2022-04-08T11:38:39","guid":{"rendered":"https:\/\/www.tornabuoniart.com\/alberto-burri-on-fire\/"},"modified":"2022-05-06T14:20:42","modified_gmt":"2022-05-06T13:20:42","slug":"alberto-burri-on-fire","status":"publish","type":"post","link":"https:\/\/www.tornabuoniart.com\/it\/alberto-burri-on-fire\/","title":{"rendered":"Alberto Burri &#8211; On Fire"},"content":{"rendered":"<div class=\"wpb-content-wrapper\"><p>[vc_row][vc_column][vc_column_text]<\/p>\n<p style=\"text-align: center;\"><span style=\"color: #808080;\"><em><a style=\"color: #808080;\" href=\"https:\/\/www.tornabuoniart.com\/it\/exhibitions\/on-fire\/\">&lt;&lt; torna al menu<\/a><\/em><\/span><\/p>\n<p>[\/vc_column_text][vc_video link=&#8221;https:\/\/vimeo.com\/698562489&#8243;][vc_separator][vc_empty_space][vc_separator][vc_column_text]<\/p>\n<h2 style=\"text-align: left;\">Vedute della mostra<\/h2>\n<p>[\/vc_column_text][vc_gallery interval=&#8221;3&#8243; images=&#8221;46896,46893&#8243; img_size=&#8221;full&#8221;][vc_column_text]<\/p>\n<h2 style=\"text-align: center;\">Opere in mostra<\/h2>\n<p>[\/vc_column_text][\/vc_column][\/vc_row][vc_row css_animation=&#8221;fadeIn&#8221; source=&#8221;media_library&#8221; image=&#8221;&#8221; img_size=&#8221;full&#8221; external_img_size=&#8221;&#8221; add_caption=&#8221;yes&#8221; alignment=&#8221;left&#8221; style=&#8221;&#8221; external_style=&#8221;&#8221; border_color=&#8221;grey&#8221; external_border_color=&#8221;grey&#8221; onclick=&#8221;link_image&#8221; img_link_target=&#8221;_self&#8221; el_class=&#8221;opere-mostre&#8221; css=&#8221;.vc_custom_1584693364623{margin-bottom: 35px !important;padding-bottom: 35px !important;}&#8221; title=&#8221;&#8221; custom_src=&#8221;&#8221; caption=&#8221;&#8221; link=&#8221;&#8221; img_link_large=&#8221;&#8221;][vc_column width=&#8221;1\/2&#8243;][vc_empty_space][vc_empty_space][vc_single_image image=&#8221;45192&#8243; img_size=&#8221;full&#8221; add_caption=&#8221;yes&#8221; alignment=&#8221;center&#8221; onclick=&#8221;link_image&#8221; css_animation=&#8221;fadeIn&#8221; el_class=&#8221;opere-mostre&#8221; css=&#8221;.vc_custom_1649411076061{margin-bottom: 35px !important;padding-bottom: 35px !important;}&#8221;][vc_column_text]<\/p>\n<h4 style=\"text-align: center;\"><em>Combustione Plastica<\/em>, 1957<\/h4>\n<p>[\/vc_column_text][vc_empty_space][vc_empty_space][vc_single_image image=&#8221;45207&#8243; img_size=&#8221;full&#8221; add_caption=&#8221;yes&#8221; alignment=&#8221;center&#8221; onclick=&#8221;link_image&#8221; css_animation=&#8221;fadeIn&#8221; el_class=&#8221;opere-mostre&#8221; css=&#8221;.vc_custom_1649411929182{margin-bottom: 35px !important;padding-bottom: 35px !important;}&#8221;][vc_column_text]<\/p>\n<h4 style=\"text-align: center;\"><em>Rosso Plastica M3<\/em>, 1961<\/h4>\n<p>[\/vc_column_text][vc_empty_space][vc_empty_space][vc_single_image image=&#8221;45213&#8243; img_size=&#8221;full&#8221; add_caption=&#8221;yes&#8221; alignment=&#8221;center&#8221; onclick=&#8221;link_image&#8221; css_animation=&#8221;fadeIn&#8221; el_class=&#8221;opere-mostre&#8221; css=&#8221;.vc_custom_1649412004665{margin-bottom: 35px !important;padding-bottom: 35px !important;}&#8221;][vc_column_text]<\/p>\n<h4 style=\"text-align: center;\"><em>Grande Nero Plastica L.A.<\/em>, 1964<\/h4>\n<p>[\/vc_column_text][vc_empty_space][\/vc_column][vc_column width=&#8221;1\/2&#8243;][vc_empty_space][vc_empty_space][vc_empty_space][vc_single_image image=&#8221;45199&#8243; img_size=&#8221;full&#8221; add_caption=&#8221;yes&#8221; alignment=&#8221;center&#8221; onclick=&#8221;link_image&#8221; css_animation=&#8221;fadeIn&#8221; el_class=&#8221;opere-mostre&#8221; css=&#8221;.vc_custom_1649411573839{margin-bottom: 35px !important;padding-bottom: 35px !important;}&#8221;][vc_column_text]<\/p>\n<h4 style=\"text-align: center;\"><em>Legno Sp<\/em>, 1958<\/h4>\n<p>[\/vc_column_text][vc_empty_space][vc_empty_space][vc_single_image image=&#8221;45210&#8243; img_size=&#8221;full&#8221; add_caption=&#8221;yes&#8221; alignment=&#8221;center&#8221; onclick=&#8221;link_image&#8221; css_animation=&#8221;fadeIn&#8221; el_class=&#8221;opere-mostre&#8221; css=&#8221;.vc_custom_1649411981106{margin-bottom: 35px !important;padding-bottom: 35px !important;}&#8221;][vc_column_text]<\/p>\n<h4 style=\"text-align: center;\"><em>Plastica M1<\/em>, 1962<\/h4>\n<p>[\/vc_column_text][vc_empty_space][vc_empty_space][vc_single_image image=&#8221;45216&#8243; img_size=&#8221;full&#8221; add_caption=&#8221;yes&#8221; alignment=&#8221;center&#8221; onclick=&#8221;link_image&#8221; css_animation=&#8221;fadeIn&#8221; el_class=&#8221;opere-mostre&#8221; css=&#8221;.vc_custom_1649412106482{margin-bottom: 35px !important;padding-bottom: 35px !important;}&#8221;][vc_column_text]<\/p>\n<h4 style=\"text-align: center;\"><em>Combustione<\/em>, ca. 1969<\/h4>\n<p>[\/vc_column_text][\/vc_column][\/vc_row][vc_row][vc_column][vc_separator][vc_empty_space][\/vc_column][\/vc_row][vc_row][vc_column][vc_column_text]<\/p>\n<div class=\"page\" title=\"Page 32\">\n<div class=\"section\">\n<div class=\"layoutArea\">\n<div class=\"column\">\n<div class=\"page\" title=\"Page 32\">\n<div class=\"section\">\n<div class=\"layoutArea\">\n<div class=\"column\">\n<div class=\"page\" title=\"Page 32\">\n<div class=\"section\">\n<div class=\"layoutArea\">\n<div class=\"column\">\n<h2 style=\"text-align: center;\">Metto la plastica e la brucio. Niente di casuale. Questa che faccio e\u0300 la piu\u0300 controllata e la piu\u0300 controllabile delle pitture [&#8230;] a me piace di conservare l\u2019immagine della combustione come fosse una bruciatura in atto<\/h2>\n<\/div>\n<\/div>\n<\/div>\n<\/div>\n<\/div>\n<\/div>\n<\/div>\n<\/div>\n<\/div>\n<\/div>\n<\/div>\n<\/div>\n<p>[\/vc_column_text][vc_empty_space][\/vc_column][vc_column][vc_empty_space height=&#8221;24px&#8221;][\/vc_column][vc_column][vc_column_text]<\/p>\n<h4 style=\"text-align: center;\">Alberto Burri, in M. Venturoli, Il pennello di fuoco, in \u201cLe Ore\u201d, n. 32, 12 agosto 1965<\/h4>\n<p>[\/vc_column_text][\/vc_column][\/vc_row][vc_row][vc_column][vc_empty_space][vc_separator][vc_empty_space height=&#8221;24px&#8221;][\/vc_column][\/vc_row][vc_row][vc_column][vc_column_text]<\/p>\n<div class=\"page\" title=\"Page 64\">\n<div class=\"section\">\n<div class=\"layoutArea\">\n<div class=\"column\">\n<div class=\"page\" title=\"Page 2\">\n<div class=\"layoutArea\">\n<div class=\"column\">\n<p>Quello di\u00a0<strong>Alberto Burri<\/strong>\u00a0con il fuoco \u00e8 un rapporto che nasce, e riunisce, l\u2019ispirazione creativa e la formazione scientifica. \u201cPer molto tempo ho voluto \u2013 annota l\u2019artista \u2013 approfondire il modo in cui il fuoco consuma, comprendere la natura della combustione e come tutto possa vivere e morire nella combustione per formare un\u2019unit\u00e0 perfetta\u201d. Burri spiega che prima di tutto ha bisogno di una superficie su cui disporre la composizione\u2026 Poi vi depone la plastica e la brucia. \u201cNulla \u00e8 lasciato al caso. Quello che faccio qui \u00e8 il tipo di pittura pi\u00f9 controllato e controllabile\u2026Bisogna controllare il materiale e questo si ottiene padroneggiando la tecnica.\u201d<\/p>\n<\/div>\n<\/div>\n<\/div>\n<\/div>\n<\/div>\n<\/div>\n<\/div>\n<p>[\/vc_column_text][\/vc_column][\/vc_row][vc_row][vc_column][vc_empty_space][vc_separator][vc_empty_space height=&#8221;24px&#8221;][\/vc_column][\/vc_row][vc_row][vc_column width=&#8221;1\/2&#8243;][vc_single_image image=&#8221;45278&#8243; img_size=&#8221;large&#8221;][\/vc_column][vc_column width=&#8221;1\/2&#8243;][vc_column_text]<\/p>\n<div class=\"page\" title=\"Page 64\">\n<div class=\"section\">\n<div class=\"layoutArea\">\n<div class=\"column\">\n<div class=\"page\" title=\"Page 64\">\n<div class=\"section\">\n<div class=\"layoutArea\">\n<div class=\"column\">\n<div class=\"page\" title=\"Page 67\">\n<div class=\"section\">\n<div class=\"layoutArea\">\n<div class=\"column\">\n<div class=\"page\" title=\"Page 64\">\n<div class=\"section\">\n<div class=\"layoutArea\">\n<div class=\"column\">\n<p><strong>Alberto Burri<\/strong> nasce a Citta\u0300 di Castello nel 1915 e si laurea in Medicina all\u2019Universita\u0300 di Perugia nel 1940.<\/p>\n<p>Medico militare nell\u2019esercito italiano, e\u0300 catturato dagli Alleati nel 1943 e incarcerato come prigioniero di guerra in Texas, negli Stati Uniti.<br \/>\nE\u0300 allora che decide di lasciare la professione medica per dedicarsi alla pittura. Tornato in Italia nel 1946, si stabilisce a Roma. Nel 1948 abbandona definitamente l\u2019arte figurativa in favore di quella astratta e si interessa al potenziale espressivo delle materie prime. Nel 1950 realizza i suoi primi <em>Sacchi<\/em>, opere che dominano le personali seguenti, organizzate in varie citta\u0300 americane ed europee. Nel 1951 partecipa al <em>Gruppo Origine<\/em> con Mario Ballocco, Giuseppe Capogrossi ed Ettore Colla. Nel 1952 partecipa per la prima volta alla Biennale di Venezia, dove e\u0300 invitato nuovamente nel 1960, 1964, 1966 e 1968. Tra il 1952 e il 1953, l\u2019arte<br \/>\ndi Burri attira l\u2019attenzione internazionale grazie a mostre a New York e Chicago.<\/p>\n<p>Negli anni cinquanta e sessanta realizza vari cicli di opere utilizzando il fuoco su diverse materie prime: nascono cosi\u0300 le <em>Combustioni<\/em>, i <em>Legni<\/em>, i <em>Ferri<\/em> e le <em>Plastiche<\/em>. Negli anni settanta, mentre le sue opere vengono esposte in mostre personali e collettive presso alcuni dei musei piu\u0300 prestigiosi del mondo \u2013 tra cui il Museo Civico di Torino (1971), il Muse\u0301e National d\u2019Art Moderne di Parigi (1972), la Tate Gallery di Londra (1974), la Galleria Nazionale d\u2019Arte Moderna di Roma (1976) e il Solomon R. Guggenheim Museum di New York (1978) \u2013, sviluppa i cicli <em>Cretti<\/em> e <em>Cellotex<\/em>.<\/p>\n<p>Burri crea la Fondazione Palazzo Albizzini Collezione Burri a Citta\u0300 di Castello nel 1978. Qui espone una collezione permanente di opere selezionate, la cui installazione, curata da lui stesso, e\u0300 rimasta invariata fino a oggi.<\/p>\n<p>Nel 1989 la Fondazione Palazzo Albizzini acquisisce gli ex Seccatoi del Tabacco a Citta\u0300 di Castello. Queste strutture dell\u2019architettura industriale diventano la sede perfetta per i cicli monumentali di dipinti e le sculture site specific realizzati dall\u2019artista. Alberto Burri muore a Nizza il 13 febbraio 1995.<\/p>\n<\/div>\n<\/div>\n<\/div>\n<\/div>\n<\/div>\n<\/div>\n<\/div>\n<\/div>\n<\/div>\n<\/div>\n<\/div>\n<\/div>\n<\/div>\n<\/div>\n<\/div>\n<\/div>\n<p>[\/vc_column_text][\/vc_column][\/vc_row][vc_row][vc_column][vc_empty_space][vc_separator][vc_empty_space][\/vc_column][\/vc_row]<\/p>\n<\/div>","protected":false},"excerpt":{"rendered":"<p>[vc_row][vc_column][vc_column_text] &lt;&lt; torna al menu [\/vc_column_text][vc_video link=&#8221;https:\/\/vimeo.com\/698562489&#8243;][vc_separator][vc_empty_space][vc_separator][vc_column_text] Vedute della mostra [\/vc_column_text][vc_gallery interval=&#8221;3&#8243; images=&#8221;46896,46893&#8243; img_size=&#8221;full&#8221;][vc_column_text] Opere in mostra [\/vc_column_text][\/vc_column][\/vc_row][vc_row css_animation=&#8221;fadeIn&#8221; source=&#8221;media_library&#8221; image=&#8221;&#8221; img_size=&#8221;full&#8221; external_img_size=&#8221;&#8221; add_caption=&#8221;yes&#8221; alignment=&#8221;left&#8221; style=&#8221;&#8221;<\/p>\n","protected":false},"author":5,"featured_media":45303,"comment_status":"closed","ping_status":"open","sticky":false,"template":"","format":"standard","meta":{"_acf_changed":false,"footnotes":""},"categories":[295,1],"tags":[],"class_list":["post-45352","post","type-post","status-publish","format-standard","has-post-thumbnail","hentry","category-295","category-news"],"acf":[],"yoast_head":"<!-- This site is optimized with the Yoast SEO plugin v27.4 - https:\/\/yoast.com\/product\/yoast-seo-wordpress\/ -->\n<title>Alberto Burri - On Fire - Tornabuoni Art<\/title>\n<meta name=\"robots\" content=\"index, follow, max-snippet:-1, max-image-preview:large, max-video-preview:-1\" \/>\n<link rel=\"canonical\" href=\"https:\/\/www.tornabuoniart.com\/it\/alberto-burri-on-fire\/\" \/>\n<meta property=\"og:locale\" content=\"it_IT\" \/>\n<meta property=\"og:type\" content=\"article\" \/>\n<meta property=\"og:title\" content=\"Alberto Burri - On Fire - Tornabuoni Art\" \/>\n<meta property=\"og:description\" content=\"[vc_row][vc_column][vc_column_text] &lt;&lt; torna al menu [\/vc_column_text][vc_video link=&#8221;https:\/\/vimeo.com\/698562489&#8243;][vc_separator][vc_empty_space][vc_separator][vc_column_text] Vedute della mostra [\/vc_column_text][vc_gallery interval=&#8221;3&#8243; images=&#8221;46896,46893&#8243; img_size=&#8221;full&#8221;][vc_column_text] Opere in mostra [\/vc_column_text][\/vc_column][\/vc_row][vc_row css_animation=&#8221;fadeIn&#8221; source=&#8221;media_library&#8221; image=&#8221;&#8221; img_size=&#8221;full&#8221; external_img_size=&#8221;&#8221; add_caption=&#8221;yes&#8221; alignment=&#8221;left&#8221; style=&#8221;&#8221;\" \/>\n<meta property=\"og:url\" content=\"https:\/\/www.tornabuoniart.com\/it\/alberto-burri-on-fire\/\" \/>\n<meta property=\"og:site_name\" content=\"Tornabuoni Art\" \/>\n<meta property=\"article:publisher\" content=\"https:\/\/www.facebook.com\/TornabuoniArt\/\" \/>\n<meta property=\"article:published_time\" content=\"2022-04-08T11:38:39+00:00\" \/>\n<meta property=\"article:modified_time\" content=\"2022-05-06T13:20:42+00:00\" \/>\n<meta property=\"og:image\" content=\"https:\/\/www.tornabuoniart.com\/wp-content\/uploads\/2022\/03\/vignettes3-scaled.jpg\" \/>\n\t<meta property=\"og:image:width\" content=\"2041\" \/>\n\t<meta property=\"og:image:height\" content=\"2560\" \/>\n\t<meta property=\"og:image:type\" content=\"image\/jpeg\" \/>\n<meta name=\"author\" content=\"TornabuoniArte Paris\" \/>\n<meta name=\"twitter:card\" content=\"summary_large_image\" \/>\n<meta name=\"twitter:creator\" content=\"@TornabuoniArt\" \/>\n<meta name=\"twitter:site\" content=\"@TornabuoniArt\" \/>\n<meta name=\"twitter:label1\" content=\"Scritto da\" \/>\n\t<meta name=\"twitter:data1\" content=\"TornabuoniArte Paris\" \/>\n\t<meta name=\"twitter:label2\" content=\"Tempo di lettura stimato\" \/>\n\t<meta name=\"twitter:data2\" content=\"4 minuti\" \/>\n<script type=\"application\/ld+json\" class=\"yoast-schema-graph\">{\"@context\":\"https:\\\/\\\/schema.org\",\"@graph\":[{\"@type\":\"Article\",\"@id\":\"https:\\\/\\\/www.tornabuoniart.com\\\/it\\\/alberto-burri-on-fire\\\/#article\",\"isPartOf\":{\"@id\":\"https:\\\/\\\/www.tornabuoniart.com\\\/it\\\/alberto-burri-on-fire\\\/\"},\"author\":{\"name\":\"TornabuoniArte Paris\",\"@id\":\"https:\\\/\\\/www.tornabuoniart.com\\\/en\\\/#\\\/schema\\\/person\\\/e3a3961876c55fe7985792c5c806fff0\"},\"headline\":\"Alberto Burri &#8211; On Fire\",\"datePublished\":\"2022-04-08T11:38:39+00:00\",\"dateModified\":\"2022-05-06T13:20:42+00:00\",\"mainEntityOfPage\":{\"@id\":\"https:\\\/\\\/www.tornabuoniart.com\\\/it\\\/alberto-burri-on-fire\\\/\"},\"wordCount\":1025,\"publisher\":{\"@id\":\"https:\\\/\\\/www.tornabuoniart.com\\\/en\\\/#organization\"},\"image\":{\"@id\":\"https:\\\/\\\/www.tornabuoniart.com\\\/it\\\/alberto-burri-on-fire\\\/#primaryimage\"},\"thumbnailUrl\":\"https:\\\/\\\/www.tornabuoniart.com\\\/wp-content\\\/uploads\\\/2022\\\/03\\\/vignettes3-scaled.jpg\",\"articleSection\":[\"2022\",\"News\"],\"inLanguage\":\"it-IT\"},{\"@type\":\"WebPage\",\"@id\":\"https:\\\/\\\/www.tornabuoniart.com\\\/it\\\/alberto-burri-on-fire\\\/\",\"url\":\"https:\\\/\\\/www.tornabuoniart.com\\\/it\\\/alberto-burri-on-fire\\\/\",\"name\":\"Alberto Burri - On Fire - Tornabuoni Art\",\"isPartOf\":{\"@id\":\"https:\\\/\\\/www.tornabuoniart.com\\\/en\\\/#website\"},\"primaryImageOfPage\":{\"@id\":\"https:\\\/\\\/www.tornabuoniart.com\\\/it\\\/alberto-burri-on-fire\\\/#primaryimage\"},\"image\":{\"@id\":\"https:\\\/\\\/www.tornabuoniart.com\\\/it\\\/alberto-burri-on-fire\\\/#primaryimage\"},\"thumbnailUrl\":\"https:\\\/\\\/www.tornabuoniart.com\\\/wp-content\\\/uploads\\\/2022\\\/03\\\/vignettes3-scaled.jpg\",\"datePublished\":\"2022-04-08T11:38:39+00:00\",\"dateModified\":\"2022-05-06T13:20:42+00:00\",\"breadcrumb\":{\"@id\":\"https:\\\/\\\/www.tornabuoniart.com\\\/it\\\/alberto-burri-on-fire\\\/#breadcrumb\"},\"inLanguage\":\"it-IT\",\"potentialAction\":[{\"@type\":\"ReadAction\",\"target\":[\"https:\\\/\\\/www.tornabuoniart.com\\\/it\\\/alberto-burri-on-fire\\\/\"]}]},{\"@type\":\"ImageObject\",\"inLanguage\":\"it-IT\",\"@id\":\"https:\\\/\\\/www.tornabuoniart.com\\\/it\\\/alberto-burri-on-fire\\\/#primaryimage\",\"url\":\"https:\\\/\\\/www.tornabuoniart.com\\\/wp-content\\\/uploads\\\/2022\\\/03\\\/vignettes3-scaled.jpg\",\"contentUrl\":\"https:\\\/\\\/www.tornabuoniart.com\\\/wp-content\\\/uploads\\\/2022\\\/03\\\/vignettes3-scaled.jpg\",\"width\":2041,\"height\":2560},{\"@type\":\"BreadcrumbList\",\"@id\":\"https:\\\/\\\/www.tornabuoniart.com\\\/it\\\/alberto-burri-on-fire\\\/#breadcrumb\",\"itemListElement\":[{\"@type\":\"ListItem\",\"position\":1,\"name\":\"Home\",\"item\":\"https:\\\/\\\/www.tornabuoniart.com\\\/it\\\/\"},{\"@type\":\"ListItem\",\"position\":2,\"name\":\"Alberto Burri &#8211; On Fire\"}]},{\"@type\":\"WebSite\",\"@id\":\"https:\\\/\\\/www.tornabuoniart.com\\\/en\\\/#website\",\"url\":\"https:\\\/\\\/www.tornabuoniart.com\\\/en\\\/\",\"name\":\"Tornabuoni Art\",\"description\":\"Modern &amp; Contemporary Art Gallery\",\"publisher\":{\"@id\":\"https:\\\/\\\/www.tornabuoniart.com\\\/en\\\/#organization\"},\"potentialAction\":[{\"@type\":\"SearchAction\",\"target\":{\"@type\":\"EntryPoint\",\"urlTemplate\":\"https:\\\/\\\/www.tornabuoniart.com\\\/en\\\/?s={search_term_string}\"},\"query-input\":{\"@type\":\"PropertyValueSpecification\",\"valueRequired\":true,\"valueName\":\"search_term_string\"}}],\"inLanguage\":\"it-IT\"},{\"@type\":\"Organization\",\"@id\":\"https:\\\/\\\/www.tornabuoniart.com\\\/en\\\/#organization\",\"name\":\"Tornabuoni Art\",\"url\":\"https:\\\/\\\/www.tornabuoniart.com\\\/en\\\/\",\"logo\":{\"@type\":\"ImageObject\",\"inLanguage\":\"it-IT\",\"@id\":\"https:\\\/\\\/www.tornabuoniart.com\\\/en\\\/#\\\/schema\\\/logo\\\/image\\\/\",\"url\":\"http:\\\/\\\/www.tornabuoniart.com\\\/wp-content\\\/uploads\\\/2019\\\/04\\\/logo_tornabuoni-art2-2-grey.png\",\"contentUrl\":\"http:\\\/\\\/www.tornabuoniart.com\\\/wp-content\\\/uploads\\\/2019\\\/04\\\/logo_tornabuoni-art2-2-grey.png\",\"width\":961,\"height\":136,\"caption\":\"Tornabuoni Art\"},\"image\":{\"@id\":\"https:\\\/\\\/www.tornabuoniart.com\\\/en\\\/#\\\/schema\\\/logo\\\/image\\\/\"},\"sameAs\":[\"https:\\\/\\\/www.facebook.com\\\/TornabuoniArt\\\/\",\"https:\\\/\\\/x.com\\\/TornabuoniArt\",\"https:\\\/\\\/www.instagram.com\\\/tornabuoniart\\\/\"]},{\"@type\":\"Person\",\"@id\":\"https:\\\/\\\/www.tornabuoniart.com\\\/en\\\/#\\\/schema\\\/person\\\/e3a3961876c55fe7985792c5c806fff0\",\"name\":\"TornabuoniArte Paris\",\"image\":{\"@type\":\"ImageObject\",\"inLanguage\":\"it-IT\",\"@id\":\"https:\\\/\\\/secure.gravatar.com\\\/avatar\\\/2bc2bba47aee0dad7617f047f148e7f6d09795b36f82a9708d50a1e02175ba49?s=96&d=mm&r=g\",\"url\":\"https:\\\/\\\/secure.gravatar.com\\\/avatar\\\/2bc2bba47aee0dad7617f047f148e7f6d09795b36f82a9708d50a1e02175ba49?s=96&d=mm&r=g\",\"contentUrl\":\"https:\\\/\\\/secure.gravatar.com\\\/avatar\\\/2bc2bba47aee0dad7617f047f148e7f6d09795b36f82a9708d50a1e02175ba49?s=96&d=mm&r=g\",\"caption\":\"TornabuoniArte Paris\"},\"url\":\"https:\\\/\\\/www.tornabuoniart.com\\\/it\\\/author\\\/tornabuoniartparis\\\/\"}]}<\/script>\n<!-- \/ Yoast SEO plugin. -->","yoast_head_json":{"title":"Alberto Burri - On Fire - Tornabuoni Art","robots":{"index":"index","follow":"follow","max-snippet":"max-snippet:-1","max-image-preview":"max-image-preview:large","max-video-preview":"max-video-preview:-1"},"canonical":"https:\/\/www.tornabuoniart.com\/it\/alberto-burri-on-fire\/","og_locale":"it_IT","og_type":"article","og_title":"Alberto Burri - On Fire - Tornabuoni Art","og_description":"[vc_row][vc_column][vc_column_text] &lt;&lt; torna al menu [\/vc_column_text][vc_video link=&#8221;https:\/\/vimeo.com\/698562489&#8243;][vc_separator][vc_empty_space][vc_separator][vc_column_text] Vedute della mostra [\/vc_column_text][vc_gallery interval=&#8221;3&#8243; images=&#8221;46896,46893&#8243; img_size=&#8221;full&#8221;][vc_column_text] Opere in mostra [\/vc_column_text][\/vc_column][\/vc_row][vc_row css_animation=&#8221;fadeIn&#8221; source=&#8221;media_library&#8221; image=&#8221;&#8221; img_size=&#8221;full&#8221; external_img_size=&#8221;&#8221; add_caption=&#8221;yes&#8221; alignment=&#8221;left&#8221; style=&#8221;&#8221;","og_url":"https:\/\/www.tornabuoniart.com\/it\/alberto-burri-on-fire\/","og_site_name":"Tornabuoni Art","article_publisher":"https:\/\/www.facebook.com\/TornabuoniArt\/","article_published_time":"2022-04-08T11:38:39+00:00","article_modified_time":"2022-05-06T13:20:42+00:00","og_image":[{"width":2041,"height":2560,"url":"https:\/\/www.tornabuoniart.com\/wp-content\/uploads\/2022\/03\/vignettes3-scaled.jpg","type":"image\/jpeg"}],"author":"TornabuoniArte Paris","twitter_card":"summary_large_image","twitter_creator":"@TornabuoniArt","twitter_site":"@TornabuoniArt","twitter_misc":{"Scritto da":"TornabuoniArte Paris","Tempo di lettura stimato":"4 minuti"},"schema":{"@context":"https:\/\/schema.org","@graph":[{"@type":"Article","@id":"https:\/\/www.tornabuoniart.com\/it\/alberto-burri-on-fire\/#article","isPartOf":{"@id":"https:\/\/www.tornabuoniart.com\/it\/alberto-burri-on-fire\/"},"author":{"name":"TornabuoniArte Paris","@id":"https:\/\/www.tornabuoniart.com\/en\/#\/schema\/person\/e3a3961876c55fe7985792c5c806fff0"},"headline":"Alberto Burri &#8211; On Fire","datePublished":"2022-04-08T11:38:39+00:00","dateModified":"2022-05-06T13:20:42+00:00","mainEntityOfPage":{"@id":"https:\/\/www.tornabuoniart.com\/it\/alberto-burri-on-fire\/"},"wordCount":1025,"publisher":{"@id":"https:\/\/www.tornabuoniart.com\/en\/#organization"},"image":{"@id":"https:\/\/www.tornabuoniart.com\/it\/alberto-burri-on-fire\/#primaryimage"},"thumbnailUrl":"https:\/\/www.tornabuoniart.com\/wp-content\/uploads\/2022\/03\/vignettes3-scaled.jpg","articleSection":["2022","News"],"inLanguage":"it-IT"},{"@type":"WebPage","@id":"https:\/\/www.tornabuoniart.com\/it\/alberto-burri-on-fire\/","url":"https:\/\/www.tornabuoniart.com\/it\/alberto-burri-on-fire\/","name":"Alberto Burri - On Fire - Tornabuoni Art","isPartOf":{"@id":"https:\/\/www.tornabuoniart.com\/en\/#website"},"primaryImageOfPage":{"@id":"https:\/\/www.tornabuoniart.com\/it\/alberto-burri-on-fire\/#primaryimage"},"image":{"@id":"https:\/\/www.tornabuoniart.com\/it\/alberto-burri-on-fire\/#primaryimage"},"thumbnailUrl":"https:\/\/www.tornabuoniart.com\/wp-content\/uploads\/2022\/03\/vignettes3-scaled.jpg","datePublished":"2022-04-08T11:38:39+00:00","dateModified":"2022-05-06T13:20:42+00:00","breadcrumb":{"@id":"https:\/\/www.tornabuoniart.com\/it\/alberto-burri-on-fire\/#breadcrumb"},"inLanguage":"it-IT","potentialAction":[{"@type":"ReadAction","target":["https:\/\/www.tornabuoniart.com\/it\/alberto-burri-on-fire\/"]}]},{"@type":"ImageObject","inLanguage":"it-IT","@id":"https:\/\/www.tornabuoniart.com\/it\/alberto-burri-on-fire\/#primaryimage","url":"https:\/\/www.tornabuoniart.com\/wp-content\/uploads\/2022\/03\/vignettes3-scaled.jpg","contentUrl":"https:\/\/www.tornabuoniart.com\/wp-content\/uploads\/2022\/03\/vignettes3-scaled.jpg","width":2041,"height":2560},{"@type":"BreadcrumbList","@id":"https:\/\/www.tornabuoniart.com\/it\/alberto-burri-on-fire\/#breadcrumb","itemListElement":[{"@type":"ListItem","position":1,"name":"Home","item":"https:\/\/www.tornabuoniart.com\/it\/"},{"@type":"ListItem","position":2,"name":"Alberto Burri &#8211; On Fire"}]},{"@type":"WebSite","@id":"https:\/\/www.tornabuoniart.com\/en\/#website","url":"https:\/\/www.tornabuoniart.com\/en\/","name":"Tornabuoni Art","description":"Modern &amp; Contemporary Art Gallery","publisher":{"@id":"https:\/\/www.tornabuoniart.com\/en\/#organization"},"potentialAction":[{"@type":"SearchAction","target":{"@type":"EntryPoint","urlTemplate":"https:\/\/www.tornabuoniart.com\/en\/?s={search_term_string}"},"query-input":{"@type":"PropertyValueSpecification","valueRequired":true,"valueName":"search_term_string"}}],"inLanguage":"it-IT"},{"@type":"Organization","@id":"https:\/\/www.tornabuoniart.com\/en\/#organization","name":"Tornabuoni Art","url":"https:\/\/www.tornabuoniart.com\/en\/","logo":{"@type":"ImageObject","inLanguage":"it-IT","@id":"https:\/\/www.tornabuoniart.com\/en\/#\/schema\/logo\/image\/","url":"http:\/\/www.tornabuoniart.com\/wp-content\/uploads\/2019\/04\/logo_tornabuoni-art2-2-grey.png","contentUrl":"http:\/\/www.tornabuoniart.com\/wp-content\/uploads\/2019\/04\/logo_tornabuoni-art2-2-grey.png","width":961,"height":136,"caption":"Tornabuoni Art"},"image":{"@id":"https:\/\/www.tornabuoniart.com\/en\/#\/schema\/logo\/image\/"},"sameAs":["https:\/\/www.facebook.com\/TornabuoniArt\/","https:\/\/x.com\/TornabuoniArt","https:\/\/www.instagram.com\/tornabuoniart\/"]},{"@type":"Person","@id":"https:\/\/www.tornabuoniart.com\/en\/#\/schema\/person\/e3a3961876c55fe7985792c5c806fff0","name":"TornabuoniArte Paris","image":{"@type":"ImageObject","inLanguage":"it-IT","@id":"https:\/\/secure.gravatar.com\/avatar\/2bc2bba47aee0dad7617f047f148e7f6d09795b36f82a9708d50a1e02175ba49?s=96&d=mm&r=g","url":"https:\/\/secure.gravatar.com\/avatar\/2bc2bba47aee0dad7617f047f148e7f6d09795b36f82a9708d50a1e02175ba49?s=96&d=mm&r=g","contentUrl":"https:\/\/secure.gravatar.com\/avatar\/2bc2bba47aee0dad7617f047f148e7f6d09795b36f82a9708d50a1e02175ba49?s=96&d=mm&r=g","caption":"TornabuoniArte Paris"},"url":"https:\/\/www.tornabuoniart.com\/it\/author\/tornabuoniartparis\/"}]}},"_links":{"self":[{"href":"https:\/\/www.tornabuoniart.com\/it\/wp-json\/wp\/v2\/posts\/45352","targetHints":{"allow":["GET"]}}],"collection":[{"href":"https:\/\/www.tornabuoniart.com\/it\/wp-json\/wp\/v2\/posts"}],"about":[{"href":"https:\/\/www.tornabuoniart.com\/it\/wp-json\/wp\/v2\/types\/post"}],"author":[{"embeddable":true,"href":"https:\/\/www.tornabuoniart.com\/it\/wp-json\/wp\/v2\/users\/5"}],"replies":[{"embeddable":true,"href":"https:\/\/www.tornabuoniart.com\/it\/wp-json\/wp\/v2\/comments?post=45352"}],"version-history":[{"count":5,"href":"https:\/\/www.tornabuoniart.com\/it\/wp-json\/wp\/v2\/posts\/45352\/revisions"}],"predecessor-version":[{"id":46963,"href":"https:\/\/www.tornabuoniart.com\/it\/wp-json\/wp\/v2\/posts\/45352\/revisions\/46963"}],"wp:featuredmedia":[{"embeddable":true,"href":"https:\/\/www.tornabuoniart.com\/it\/wp-json\/wp\/v2\/media\/45303"}],"wp:attachment":[{"href":"https:\/\/www.tornabuoniart.com\/it\/wp-json\/wp\/v2\/media?parent=45352"}],"wp:term":[{"taxonomy":"category","embeddable":true,"href":"https:\/\/www.tornabuoniart.com\/it\/wp-json\/wp\/v2\/categories?post=45352"},{"taxonomy":"post_tag","embeddable":true,"href":"https:\/\/www.tornabuoniart.com\/it\/wp-json\/wp\/v2\/tags?post=45352"}],"curies":[{"name":"wp","href":"https:\/\/api.w.org\/{rel}","templated":true}]}}