{"id":63565,"date":"2025-09-25T11:57:53","date_gmt":"2025-09-25T10:57:53","guid":{"rendered":"https:\/\/www.tornabuoniart.com\/isgro-alla-mostra-emilio-isgro-lopera-delle-formiche-cap-museo-del-carmine-scicli\/"},"modified":"2025-09-25T12:03:49","modified_gmt":"2025-09-25T11:03:49","slug":"isgro-alla-mostra-emilio-isgro-lopera-delle-formiche-cap-museo-del-carmine-scicli","status":"publish","type":"post","link":"https:\/\/www.tornabuoniart.com\/fr\/isgro-alla-mostra-emilio-isgro-lopera-delle-formiche-cap-museo-del-carmine-scicli\/","title":{"rendered":"Isgr\u00f2 \u00e0 l&#8217;exposition \u201cEmilio Isgr\u00f2. L\u2019opera delle formiche\u201d |  Mus\u00e9e d\u2019Art Contemporain du Carmine, Scicli"},"content":{"rendered":"<div class=\"wpb-content-wrapper\"><p>[vc_row][vc_column][vc_column_text]<\/p>\n<p style=\"text-align: center;\"><span style=\"color: #808080;\"><em><a style=\"color: #808080;\" href=\"https:\/\/tornabuoniart.com\/it\/news-it\/\">&lt;&lt; retourner aux news<\/a><\/em><\/span><\/p>\n<p>[\/vc_column_text][\/vc_column][\/vc_row][vc_row][vc_column][vc_gallery interval=&#8221;3&#8243; images=&#8221;63558,63561,63555&#8243; img_size=&#8221;full&#8221; css=&#8221;&#8221;][\/vc_column][\/vc_row][vc_row][vc_column][vc_column_text css=&#8221;&#8221;]<\/p>\n<p style=\"text-align: center;\"><strong>Emilio Isgr\u00f2. L\u2019opera delle formiche<\/strong><br \/>\nMus\u00e9e d\u2019Art Contemporain du Carmine, Scicli<br \/>\n6 mai &#8211; 23 novembre 2025<\/p>\n<p>Tornabuoni Art a le plaisir de participer \u00e0 l\u2019exposition <em>Emilio Isgr\u00f2. L\u2019opera delle formiche<\/em> au Mus\u00e9e d\u2019Art Contemporain du Carmine \u00e0 Scicli, gr\u00e2ce au pr\u00eat de trois \u0153uvres de l\u2019artiste : <em>La lumi\u00e8re de la libert\u00e9<\/em> (2017), <em>La giara di Empedocle<\/em> (2015) et <em>La giara di Archim\u00e8de<\/em> (2015).<\/p>\n<p>Sous le commissariat de Marco Bazzini et Bruno Cor\u00e0, l\u2019exposition marque l\u2019ouverture officielle du MACC, nouveau p\u00f4le culturel install\u00e9 dans l\u2019ancien couvent du Carmine, restaur\u00e9 et rouvert au public apr\u00e8s quarante ans gr\u00e2ce au soutien du Minist\u00e8re de la Culture.<\/p>\n<p>Organis\u00e9e en collaboration avec les archives Emilio Isgr\u00f2 et avec la contribution scientifique du MAXXI de Rome, cette r\u00e9trospective vise \u00e0 offrir une vision large et articul\u00e9e du parcours de l\u2019artiste, des d\u00e9buts po\u00e9tiques dans les ann\u00e9es soixante jusqu\u2019aux plus r\u00e9centes exp\u00e9rimentations visuelles.<\/p>\n<p>Le parcours d\u2019exposition r\u00e9unit environ soixante-dix \u0153uvres provenant de collections publiques et priv\u00e9es, avec un accent particulier sur le lien de l\u2019artiste avec la culture m\u00e9diterran\u00e9enne. Parmi les installations les plus significatives figure <em>L\u2019\u0153uvre des fourmis<\/em>, qui investit symboliquement la piazza Busacca et ouvre le parcours mus\u00e9al.<\/p>\n<p>L\u2019exposition est ouverte au public jusqu\u2019au 3 novembre 2025 et est accompagn\u00e9e d\u2019un catalogue publi\u00e9 par Allemandi Editore.<\/p>\n<p>[\/vc_column_text][\/vc_column][\/vc_row]<\/p>\n<\/div>","protected":false},"excerpt":{"rendered":"<p>[vc_row][vc_column][vc_column_text] &lt;&lt; retourner aux news [\/vc_column_text][\/vc_column][\/vc_row][vc_row][vc_column][vc_gallery interval=&#8221;3&#8243; images=&#8221;63558,63561,63555&#8243; img_size=&#8221;full&#8221; css=&#8221;&#8221;][\/vc_column][\/vc_row][vc_row][vc_column][vc_column_text css=&#8221;&#8221;] Emilio Isgr\u00f2. L\u2019opera delle formiche Mus\u00e9e d\u2019Art Contemporain du Carmine, Scicli 6 mai &#8211; 23<\/p>\n","protected":false},"author":5,"featured_media":63556,"comment_status":"closed","ping_status":"open","sticky":false,"template":"","format":"standard","meta":{"_acf_changed":false,"footnotes":""},"categories":[320,264],"tags":[],"class_list":["post-63565","post","type-post","status-publish","format-standard","has-post-thumbnail","hentry","category-2025-fr","category-news"],"acf":[],"yoast_head":"<!-- This site is optimized with the Yoast SEO plugin v27.4 - https:\/\/yoast.com\/product\/yoast-seo-wordpress\/ -->\n<title>Isgr\u00f2 \u00e0 l&#039;exposition \u201cEmilio Isgr\u00f2. L\u2019opera delle formiche\u201d | Mus\u00e9e d\u2019Art Contemporain du Carmine, Scicli - Tornabuoni Art<\/title>\n<meta name=\"robots\" content=\"index, follow, max-snippet:-1, max-image-preview:large, max-video-preview:-1\" \/>\n<link rel=\"canonical\" href=\"https:\/\/www.tornabuoniart.com\/fr\/isgro-alla-mostra-emilio-isgro-lopera-delle-formiche-cap-museo-del-carmine-scicli\/\" \/>\n<meta property=\"og:locale\" content=\"fr_FR\" \/>\n<meta property=\"og:type\" content=\"article\" \/>\n<meta property=\"og:title\" content=\"Isgr\u00f2 \u00e0 l&#039;exposition \u201cEmilio Isgr\u00f2. L\u2019opera delle formiche\u201d | Mus\u00e9e d\u2019Art Contemporain du Carmine, Scicli - Tornabuoni Art\" \/>\n<meta property=\"og:description\" content=\"[vc_row][vc_column][vc_column_text] &lt;&lt; retourner aux news [\/vc_column_text][\/vc_column][\/vc_row][vc_row][vc_column][vc_gallery interval=&#8221;3&#8243; images=&#8221;63558,63561,63555&#8243; img_size=&#8221;full&#8221; css=&#8221;&#8221;][\/vc_column][\/vc_row][vc_row][vc_column][vc_column_text css=&#8221;&#8221;] Emilio Isgr\u00f2. L\u2019opera delle formiche Mus\u00e9e d\u2019Art Contemporain du Carmine, Scicli 6 mai &#8211; 23\" \/>\n<meta property=\"og:url\" content=\"https:\/\/www.tornabuoniart.com\/fr\/isgro-alla-mostra-emilio-isgro-lopera-delle-formiche-cap-museo-del-carmine-scicli\/\" \/>\n<meta property=\"og:site_name\" content=\"Tornabuoni Art\" \/>\n<meta property=\"article:publisher\" content=\"https:\/\/www.facebook.com\/TornabuoniArt\/\" \/>\n<meta property=\"article:published_time\" content=\"2025-09-25T10:57:53+00:00\" \/>\n<meta property=\"article:modified_time\" content=\"2025-09-25T11:03:49+00:00\" \/>\n<meta property=\"og:image\" content=\"https:\/\/www.tornabuoniart.com\/wp-content\/uploads\/2025\/09\/IMG_3905-scaled.jpg\" \/>\n\t<meta property=\"og:image:width\" content=\"1920\" \/>\n\t<meta property=\"og:image:height\" content=\"2560\" \/>\n\t<meta property=\"og:image:type\" content=\"image\/jpeg\" \/>\n<meta name=\"author\" content=\"TornabuoniArte Paris\" \/>\n<meta name=\"twitter:card\" content=\"summary_large_image\" \/>\n<meta name=\"twitter:creator\" content=\"@TornabuoniArt\" \/>\n<meta name=\"twitter:site\" content=\"@TornabuoniArt\" \/>\n<meta name=\"twitter:label1\" content=\"Written by\" \/>\n\t<meta name=\"twitter:data1\" content=\"TornabuoniArte Paris\" \/>\n\t<meta name=\"twitter:label2\" content=\"Est. reading time\" \/>\n\t<meta name=\"twitter:data2\" content=\"1 minute\" \/>\n<script type=\"application\/ld+json\" class=\"yoast-schema-graph\">{\"@context\":\"https:\\\/\\\/schema.org\",\"@graph\":[{\"@type\":\"Article\",\"@id\":\"https:\\\/\\\/www.tornabuoniart.com\\\/fr\\\/isgro-alla-mostra-emilio-isgro-lopera-delle-formiche-cap-museo-del-carmine-scicli\\\/#article\",\"isPartOf\":{\"@id\":\"https:\\\/\\\/www.tornabuoniart.com\\\/fr\\\/isgro-alla-mostra-emilio-isgro-lopera-delle-formiche-cap-museo-del-carmine-scicli\\\/\"},\"author\":{\"name\":\"TornabuoniArte Paris\",\"@id\":\"https:\\\/\\\/www.tornabuoniart.com\\\/en\\\/#\\\/schema\\\/person\\\/e3a3961876c55fe7985792c5c806fff0\"},\"headline\":\"Isgr\u00f2 \u00e0 l&#8217;exposition \u201cEmilio Isgr\u00f2. L\u2019opera delle formiche\u201d | Mus\u00e9e d\u2019Art Contemporain du Carmine, Scicli\",\"datePublished\":\"2025-09-25T10:57:53+00:00\",\"dateModified\":\"2025-09-25T11:03:49+00:00\",\"mainEntityOfPage\":{\"@id\":\"https:\\\/\\\/www.tornabuoniart.com\\\/fr\\\/isgro-alla-mostra-emilio-isgro-lopera-delle-formiche-cap-museo-del-carmine-scicli\\\/\"},\"wordCount\":309,\"publisher\":{\"@id\":\"https:\\\/\\\/www.tornabuoniart.com\\\/en\\\/#organization\"},\"image\":{\"@id\":\"https:\\\/\\\/www.tornabuoniart.com\\\/fr\\\/isgro-alla-mostra-emilio-isgro-lopera-delle-formiche-cap-museo-del-carmine-scicli\\\/#primaryimage\"},\"thumbnailUrl\":\"https:\\\/\\\/www.tornabuoniart.com\\\/wp-content\\\/uploads\\\/2025\\\/09\\\/IMG_3905-scaled.jpg\",\"articleSection\":[\"2025\",\"News\"],\"inLanguage\":\"fr-FR\"},{\"@type\":\"WebPage\",\"@id\":\"https:\\\/\\\/www.tornabuoniart.com\\\/fr\\\/isgro-alla-mostra-emilio-isgro-lopera-delle-formiche-cap-museo-del-carmine-scicli\\\/\",\"url\":\"https:\\\/\\\/www.tornabuoniart.com\\\/fr\\\/isgro-alla-mostra-emilio-isgro-lopera-delle-formiche-cap-museo-del-carmine-scicli\\\/\",\"name\":\"Isgr\u00f2 \u00e0 l'exposition \u201cEmilio Isgr\u00f2. L\u2019opera delle formiche\u201d | Mus\u00e9e d\u2019Art Contemporain du Carmine, Scicli - Tornabuoni Art\",\"isPartOf\":{\"@id\":\"https:\\\/\\\/www.tornabuoniart.com\\\/en\\\/#website\"},\"primaryImageOfPage\":{\"@id\":\"https:\\\/\\\/www.tornabuoniart.com\\\/fr\\\/isgro-alla-mostra-emilio-isgro-lopera-delle-formiche-cap-museo-del-carmine-scicli\\\/#primaryimage\"},\"image\":{\"@id\":\"https:\\\/\\\/www.tornabuoniart.com\\\/fr\\\/isgro-alla-mostra-emilio-isgro-lopera-delle-formiche-cap-museo-del-carmine-scicli\\\/#primaryimage\"},\"thumbnailUrl\":\"https:\\\/\\\/www.tornabuoniart.com\\\/wp-content\\\/uploads\\\/2025\\\/09\\\/IMG_3905-scaled.jpg\",\"datePublished\":\"2025-09-25T10:57:53+00:00\",\"dateModified\":\"2025-09-25T11:03:49+00:00\",\"breadcrumb\":{\"@id\":\"https:\\\/\\\/www.tornabuoniart.com\\\/fr\\\/isgro-alla-mostra-emilio-isgro-lopera-delle-formiche-cap-museo-del-carmine-scicli\\\/#breadcrumb\"},\"inLanguage\":\"fr-FR\",\"potentialAction\":[{\"@type\":\"ReadAction\",\"target\":[\"https:\\\/\\\/www.tornabuoniart.com\\\/fr\\\/isgro-alla-mostra-emilio-isgro-lopera-delle-formiche-cap-museo-del-carmine-scicli\\\/\"]}]},{\"@type\":\"ImageObject\",\"inLanguage\":\"fr-FR\",\"@id\":\"https:\\\/\\\/www.tornabuoniart.com\\\/fr\\\/isgro-alla-mostra-emilio-isgro-lopera-delle-formiche-cap-museo-del-carmine-scicli\\\/#primaryimage\",\"url\":\"https:\\\/\\\/www.tornabuoniart.com\\\/wp-content\\\/uploads\\\/2025\\\/09\\\/IMG_3905-scaled.jpg\",\"contentUrl\":\"https:\\\/\\\/www.tornabuoniart.com\\\/wp-content\\\/uploads\\\/2025\\\/09\\\/IMG_3905-scaled.jpg\",\"width\":1920,\"height\":2560,\"caption\":\"Veduta della mostra, Emilio Isgr\u00f2. L\u2019opera delle formiche, CAP Museo del Carmine, Scicli, 2025\"},{\"@type\":\"BreadcrumbList\",\"@id\":\"https:\\\/\\\/www.tornabuoniart.com\\\/fr\\\/isgro-alla-mostra-emilio-isgro-lopera-delle-formiche-cap-museo-del-carmine-scicli\\\/#breadcrumb\",\"itemListElement\":[{\"@type\":\"ListItem\",\"position\":1,\"name\":\"Home\",\"item\":\"https:\\\/\\\/www.tornabuoniart.com\\\/fr\\\/\"},{\"@type\":\"ListItem\",\"position\":2,\"name\":\"Isgr\u00f2 \u00e0 l&#8217;exposition \u201cEmilio Isgr\u00f2. L\u2019opera delle formiche\u201d | Mus\u00e9e d\u2019Art Contemporain du Carmine, Scicli\"}]},{\"@type\":\"WebSite\",\"@id\":\"https:\\\/\\\/www.tornabuoniart.com\\\/en\\\/#website\",\"url\":\"https:\\\/\\\/www.tornabuoniart.com\\\/en\\\/\",\"name\":\"Tornabuoni Art\",\"description\":\"Modern &amp; Contemporary Art Gallery\",\"publisher\":{\"@id\":\"https:\\\/\\\/www.tornabuoniart.com\\\/en\\\/#organization\"},\"potentialAction\":[{\"@type\":\"SearchAction\",\"target\":{\"@type\":\"EntryPoint\",\"urlTemplate\":\"https:\\\/\\\/www.tornabuoniart.com\\\/en\\\/?s={search_term_string}\"},\"query-input\":{\"@type\":\"PropertyValueSpecification\",\"valueRequired\":true,\"valueName\":\"search_term_string\"}}],\"inLanguage\":\"fr-FR\"},{\"@type\":\"Organization\",\"@id\":\"https:\\\/\\\/www.tornabuoniart.com\\\/en\\\/#organization\",\"name\":\"Tornabuoni Art\",\"url\":\"https:\\\/\\\/www.tornabuoniart.com\\\/en\\\/\",\"logo\":{\"@type\":\"ImageObject\",\"inLanguage\":\"fr-FR\",\"@id\":\"https:\\\/\\\/www.tornabuoniart.com\\\/en\\\/#\\\/schema\\\/logo\\\/image\\\/\",\"url\":\"http:\\\/\\\/www.tornabuoniart.com\\\/wp-content\\\/uploads\\\/2019\\\/04\\\/logo_tornabuoni-art2-2-grey.png\",\"contentUrl\":\"http:\\\/\\\/www.tornabuoniart.com\\\/wp-content\\\/uploads\\\/2019\\\/04\\\/logo_tornabuoni-art2-2-grey.png\",\"width\":961,\"height\":136,\"caption\":\"Tornabuoni Art\"},\"image\":{\"@id\":\"https:\\\/\\\/www.tornabuoniart.com\\\/en\\\/#\\\/schema\\\/logo\\\/image\\\/\"},\"sameAs\":[\"https:\\\/\\\/www.facebook.com\\\/TornabuoniArt\\\/\",\"https:\\\/\\\/x.com\\\/TornabuoniArt\",\"https:\\\/\\\/www.instagram.com\\\/tornabuoniart\\\/\"]},{\"@type\":\"Person\",\"@id\":\"https:\\\/\\\/www.tornabuoniart.com\\\/en\\\/#\\\/schema\\\/person\\\/e3a3961876c55fe7985792c5c806fff0\",\"name\":\"TornabuoniArte Paris\",\"image\":{\"@type\":\"ImageObject\",\"inLanguage\":\"fr-FR\",\"@id\":\"https:\\\/\\\/secure.gravatar.com\\\/avatar\\\/2bc2bba47aee0dad7617f047f148e7f6d09795b36f82a9708d50a1e02175ba49?s=96&d=mm&r=g\",\"url\":\"https:\\\/\\\/secure.gravatar.com\\\/avatar\\\/2bc2bba47aee0dad7617f047f148e7f6d09795b36f82a9708d50a1e02175ba49?s=96&d=mm&r=g\",\"contentUrl\":\"https:\\\/\\\/secure.gravatar.com\\\/avatar\\\/2bc2bba47aee0dad7617f047f148e7f6d09795b36f82a9708d50a1e02175ba49?s=96&d=mm&r=g\",\"caption\":\"TornabuoniArte Paris\"},\"url\":\"https:\\\/\\\/www.tornabuoniart.com\\\/fr\\\/author\\\/tornabuoniartparis\\\/\"}]}<\/script>\n<!-- \/ Yoast SEO plugin. -->","yoast_head_json":{"title":"Isgr\u00f2 \u00e0 l'exposition \u201cEmilio Isgr\u00f2. L\u2019opera delle formiche\u201d | Mus\u00e9e d\u2019Art Contemporain du Carmine, Scicli - Tornabuoni Art","robots":{"index":"index","follow":"follow","max-snippet":"max-snippet:-1","max-image-preview":"max-image-preview:large","max-video-preview":"max-video-preview:-1"},"canonical":"https:\/\/www.tornabuoniart.com\/fr\/isgro-alla-mostra-emilio-isgro-lopera-delle-formiche-cap-museo-del-carmine-scicli\/","og_locale":"fr_FR","og_type":"article","og_title":"Isgr\u00f2 \u00e0 l'exposition \u201cEmilio Isgr\u00f2. L\u2019opera delle formiche\u201d | Mus\u00e9e d\u2019Art Contemporain du Carmine, Scicli - Tornabuoni Art","og_description":"[vc_row][vc_column][vc_column_text] &lt;&lt; retourner aux news [\/vc_column_text][\/vc_column][\/vc_row][vc_row][vc_column][vc_gallery interval=&#8221;3&#8243; images=&#8221;63558,63561,63555&#8243; img_size=&#8221;full&#8221; css=&#8221;&#8221;][\/vc_column][\/vc_row][vc_row][vc_column][vc_column_text css=&#8221;&#8221;] Emilio Isgr\u00f2. L\u2019opera delle formiche Mus\u00e9e d\u2019Art Contemporain du Carmine, Scicli 6 mai &#8211; 23","og_url":"https:\/\/www.tornabuoniart.com\/fr\/isgro-alla-mostra-emilio-isgro-lopera-delle-formiche-cap-museo-del-carmine-scicli\/","og_site_name":"Tornabuoni Art","article_publisher":"https:\/\/www.facebook.com\/TornabuoniArt\/","article_published_time":"2025-09-25T10:57:53+00:00","article_modified_time":"2025-09-25T11:03:49+00:00","og_image":[{"width":1920,"height":2560,"url":"https:\/\/www.tornabuoniart.com\/wp-content\/uploads\/2025\/09\/IMG_3905-scaled.jpg","type":"image\/jpeg"}],"author":"TornabuoniArte Paris","twitter_card":"summary_large_image","twitter_creator":"@TornabuoniArt","twitter_site":"@TornabuoniArt","twitter_misc":{"Written by":"TornabuoniArte Paris","Est. reading time":"1 minute"},"schema":{"@context":"https:\/\/schema.org","@graph":[{"@type":"Article","@id":"https:\/\/www.tornabuoniart.com\/fr\/isgro-alla-mostra-emilio-isgro-lopera-delle-formiche-cap-museo-del-carmine-scicli\/#article","isPartOf":{"@id":"https:\/\/www.tornabuoniart.com\/fr\/isgro-alla-mostra-emilio-isgro-lopera-delle-formiche-cap-museo-del-carmine-scicli\/"},"author":{"name":"TornabuoniArte Paris","@id":"https:\/\/www.tornabuoniart.com\/en\/#\/schema\/person\/e3a3961876c55fe7985792c5c806fff0"},"headline":"Isgr\u00f2 \u00e0 l&#8217;exposition \u201cEmilio Isgr\u00f2. L\u2019opera delle formiche\u201d | Mus\u00e9e d\u2019Art Contemporain du Carmine, Scicli","datePublished":"2025-09-25T10:57:53+00:00","dateModified":"2025-09-25T11:03:49+00:00","mainEntityOfPage":{"@id":"https:\/\/www.tornabuoniart.com\/fr\/isgro-alla-mostra-emilio-isgro-lopera-delle-formiche-cap-museo-del-carmine-scicli\/"},"wordCount":309,"publisher":{"@id":"https:\/\/www.tornabuoniart.com\/en\/#organization"},"image":{"@id":"https:\/\/www.tornabuoniart.com\/fr\/isgro-alla-mostra-emilio-isgro-lopera-delle-formiche-cap-museo-del-carmine-scicli\/#primaryimage"},"thumbnailUrl":"https:\/\/www.tornabuoniart.com\/wp-content\/uploads\/2025\/09\/IMG_3905-scaled.jpg","articleSection":["2025","News"],"inLanguage":"fr-FR"},{"@type":"WebPage","@id":"https:\/\/www.tornabuoniart.com\/fr\/isgro-alla-mostra-emilio-isgro-lopera-delle-formiche-cap-museo-del-carmine-scicli\/","url":"https:\/\/www.tornabuoniart.com\/fr\/isgro-alla-mostra-emilio-isgro-lopera-delle-formiche-cap-museo-del-carmine-scicli\/","name":"Isgr\u00f2 \u00e0 l'exposition \u201cEmilio Isgr\u00f2. L\u2019opera delle formiche\u201d | Mus\u00e9e d\u2019Art Contemporain du Carmine, Scicli - Tornabuoni Art","isPartOf":{"@id":"https:\/\/www.tornabuoniart.com\/en\/#website"},"primaryImageOfPage":{"@id":"https:\/\/www.tornabuoniart.com\/fr\/isgro-alla-mostra-emilio-isgro-lopera-delle-formiche-cap-museo-del-carmine-scicli\/#primaryimage"},"image":{"@id":"https:\/\/www.tornabuoniart.com\/fr\/isgro-alla-mostra-emilio-isgro-lopera-delle-formiche-cap-museo-del-carmine-scicli\/#primaryimage"},"thumbnailUrl":"https:\/\/www.tornabuoniart.com\/wp-content\/uploads\/2025\/09\/IMG_3905-scaled.jpg","datePublished":"2025-09-25T10:57:53+00:00","dateModified":"2025-09-25T11:03:49+00:00","breadcrumb":{"@id":"https:\/\/www.tornabuoniart.com\/fr\/isgro-alla-mostra-emilio-isgro-lopera-delle-formiche-cap-museo-del-carmine-scicli\/#breadcrumb"},"inLanguage":"fr-FR","potentialAction":[{"@type":"ReadAction","target":["https:\/\/www.tornabuoniart.com\/fr\/isgro-alla-mostra-emilio-isgro-lopera-delle-formiche-cap-museo-del-carmine-scicli\/"]}]},{"@type":"ImageObject","inLanguage":"fr-FR","@id":"https:\/\/www.tornabuoniart.com\/fr\/isgro-alla-mostra-emilio-isgro-lopera-delle-formiche-cap-museo-del-carmine-scicli\/#primaryimage","url":"https:\/\/www.tornabuoniart.com\/wp-content\/uploads\/2025\/09\/IMG_3905-scaled.jpg","contentUrl":"https:\/\/www.tornabuoniart.com\/wp-content\/uploads\/2025\/09\/IMG_3905-scaled.jpg","width":1920,"height":2560,"caption":"Veduta della mostra, Emilio Isgr\u00f2. L\u2019opera delle formiche, CAP Museo del Carmine, Scicli, 2025"},{"@type":"BreadcrumbList","@id":"https:\/\/www.tornabuoniart.com\/fr\/isgro-alla-mostra-emilio-isgro-lopera-delle-formiche-cap-museo-del-carmine-scicli\/#breadcrumb","itemListElement":[{"@type":"ListItem","position":1,"name":"Home","item":"https:\/\/www.tornabuoniart.com\/fr\/"},{"@type":"ListItem","position":2,"name":"Isgr\u00f2 \u00e0 l&#8217;exposition \u201cEmilio Isgr\u00f2. L\u2019opera delle formiche\u201d | Mus\u00e9e d\u2019Art Contemporain du Carmine, Scicli"}]},{"@type":"WebSite","@id":"https:\/\/www.tornabuoniart.com\/en\/#website","url":"https:\/\/www.tornabuoniart.com\/en\/","name":"Tornabuoni Art","description":"Modern &amp; Contemporary Art Gallery","publisher":{"@id":"https:\/\/www.tornabuoniart.com\/en\/#organization"},"potentialAction":[{"@type":"SearchAction","target":{"@type":"EntryPoint","urlTemplate":"https:\/\/www.tornabuoniart.com\/en\/?s={search_term_string}"},"query-input":{"@type":"PropertyValueSpecification","valueRequired":true,"valueName":"search_term_string"}}],"inLanguage":"fr-FR"},{"@type":"Organization","@id":"https:\/\/www.tornabuoniart.com\/en\/#organization","name":"Tornabuoni Art","url":"https:\/\/www.tornabuoniart.com\/en\/","logo":{"@type":"ImageObject","inLanguage":"fr-FR","@id":"https:\/\/www.tornabuoniart.com\/en\/#\/schema\/logo\/image\/","url":"http:\/\/www.tornabuoniart.com\/wp-content\/uploads\/2019\/04\/logo_tornabuoni-art2-2-grey.png","contentUrl":"http:\/\/www.tornabuoniart.com\/wp-content\/uploads\/2019\/04\/logo_tornabuoni-art2-2-grey.png","width":961,"height":136,"caption":"Tornabuoni Art"},"image":{"@id":"https:\/\/www.tornabuoniart.com\/en\/#\/schema\/logo\/image\/"},"sameAs":["https:\/\/www.facebook.com\/TornabuoniArt\/","https:\/\/x.com\/TornabuoniArt","https:\/\/www.instagram.com\/tornabuoniart\/"]},{"@type":"Person","@id":"https:\/\/www.tornabuoniart.com\/en\/#\/schema\/person\/e3a3961876c55fe7985792c5c806fff0","name":"TornabuoniArte Paris","image":{"@type":"ImageObject","inLanguage":"fr-FR","@id":"https:\/\/secure.gravatar.com\/avatar\/2bc2bba47aee0dad7617f047f148e7f6d09795b36f82a9708d50a1e02175ba49?s=96&d=mm&r=g","url":"https:\/\/secure.gravatar.com\/avatar\/2bc2bba47aee0dad7617f047f148e7f6d09795b36f82a9708d50a1e02175ba49?s=96&d=mm&r=g","contentUrl":"https:\/\/secure.gravatar.com\/avatar\/2bc2bba47aee0dad7617f047f148e7f6d09795b36f82a9708d50a1e02175ba49?s=96&d=mm&r=g","caption":"TornabuoniArte Paris"},"url":"https:\/\/www.tornabuoniart.com\/fr\/author\/tornabuoniartparis\/"}]}},"_links":{"self":[{"href":"https:\/\/www.tornabuoniart.com\/fr\/wp-json\/wp\/v2\/posts\/63565","targetHints":{"allow":["GET"]}}],"collection":[{"href":"https:\/\/www.tornabuoniart.com\/fr\/wp-json\/wp\/v2\/posts"}],"about":[{"href":"https:\/\/www.tornabuoniart.com\/fr\/wp-json\/wp\/v2\/types\/post"}],"author":[{"embeddable":true,"href":"https:\/\/www.tornabuoniart.com\/fr\/wp-json\/wp\/v2\/users\/5"}],"replies":[{"embeddable":true,"href":"https:\/\/www.tornabuoniart.com\/fr\/wp-json\/wp\/v2\/comments?post=63565"}],"version-history":[{"count":5,"href":"https:\/\/www.tornabuoniart.com\/fr\/wp-json\/wp\/v2\/posts\/63565\/revisions"}],"predecessor-version":[{"id":63581,"href":"https:\/\/www.tornabuoniart.com\/fr\/wp-json\/wp\/v2\/posts\/63565\/revisions\/63581"}],"wp:featuredmedia":[{"embeddable":true,"href":"https:\/\/www.tornabuoniart.com\/fr\/wp-json\/wp\/v2\/media\/63556"}],"wp:attachment":[{"href":"https:\/\/www.tornabuoniart.com\/fr\/wp-json\/wp\/v2\/media?parent=63565"}],"wp:term":[{"taxonomy":"category","embeddable":true,"href":"https:\/\/www.tornabuoniart.com\/fr\/wp-json\/wp\/v2\/categories?post=63565"},{"taxonomy":"post_tag","embeddable":true,"href":"https:\/\/www.tornabuoniart.com\/fr\/wp-json\/wp\/v2\/tags?post=63565"}],"curies":[{"name":"wp","href":"https:\/\/api.w.org\/{rel}","templated":true}]}}