{"id":55850,"date":"2023-11-21T15:40:36","date_gmt":"2023-11-21T14:40:36","guid":{"rendered":"https:\/\/www.tornabuoniart.com\/en-exposition-morandi-1890-1964-palazzo-reale-milan\/"},"modified":"2023-12-06T11:04:42","modified_gmt":"2023-12-06T10:04:42","slug":"en-exposition-morandi-1890-1964-palazzo-reale-milan","status":"publish","type":"post","link":"https:\/\/www.tornabuoniart.com\/fr\/en-exposition-morandi-1890-1964-palazzo-reale-milan\/","title":{"rendered":"En exposition \u00abMorandi 1890-1964\u00bb \u2013 Palazzo Reale, Milan"},"content":{"rendered":"<div class=\"wpb-content-wrapper\"><p>[vc_row][vc_column][vc_column_text]<\/p>\n<p style=\"text-align: center;\"><span style=\"color: #808080;\"><em><a style=\"color: #808080;\" href=\"https:\/\/www.tornabuoniart.com\/fr\/news-fr\/\">&lt;&lt; retourner aux news<\/a><\/em><\/span><\/p>\n<p>[\/vc_column_text][\/vc_column][\/vc_row][vc_row][vc_column][vc_single_image source=&#8221;featured_image&#8221; img_size=&#8221;full&#8221; alignment=&#8221;center&#8221; onclick=&#8221;link_image&#8221;][\/vc_column][\/vc_row][vc_row][vc_column][vc_column_text]<\/p>\n<p style=\"text-align: center;\"><strong>Palazzo Reale, Milan<\/strong><br \/>\n5 octobre 2023 &#8211; 4 f\u00e9vrier 2024<\/p>\n<p>Tornabuoni Arte a le plaisir de conseiller l&#8217;exposition <strong>\u00abMorandi 1890-1964\u00bb<\/strong>, qui se tient actuellement au Palazzo Reale de Milan.<\/p>\n<p>Plus de trente ans apr\u00e8s la derni\u00e8re exposition \u00e0 Milan, la r\u00e9trospective &#8211; organis\u00e9e par Maria Cristina Bandera &#8211; repr\u00e9sente l&#8217;une des expositions les plus compl\u00e8tes et les plus significatives sur le peintre bolonais au cours des derni\u00e8res d\u00e9cennies. Faisant \u00e9cho \u00e0 la valorisation internationale de l&#8217;\u0153uvre de Morandi dans des lieux prestigieux tels que le Metropolitan Museum de New York (2008), le mus\u00e9e Pouchkine de Moscou (2017) et le Guggenheim de Bilbao (2019), l&#8217;exposition c\u00e9l\u00e8bre le lien particulier qui unit Milan et l&#8217;artiste.<\/p>\n<p>Avec plus de 120 \u0153uvres provenant d&#8217;institutions publiques de premier plan et de prestigieuses collections priv\u00e9es, l&#8217;exposition propose un parcours chronologique couvrant cinquante ans de production artistique de Morandi, de 1913 \u00e0 1963. Les 34 sections de l&#8217;exposition documentent les diff\u00e9rentes phases de sa peinture, mettant en \u00e9vidence l&#8217;\u00e9volution stylistique et le modus operandi du Maestro d&#8217;une mani\u00e8re in\u00e9dite.<\/p>\n<p>____<br \/>\nImage : \u00a9 Palazzo Reale, Milan[\/vc_column_text][\/vc_column][\/vc_row]<\/p>\n<\/div>","protected":false},"excerpt":{"rendered":"<p>[vc_row][vc_column][vc_column_text] &lt;&lt; retourner aux news [\/vc_column_text][\/vc_column][\/vc_row][vc_row][vc_column][vc_single_image source=&#8221;featured_image&#8221; img_size=&#8221;full&#8221; alignment=&#8221;center&#8221; onclick=&#8221;link_image&#8221;][\/vc_column][\/vc_row][vc_row][vc_column][vc_column_text] Palazzo Reale, Milan 5 octobre 2023 &#8211; 4 f\u00e9vrier 2024 Tornabuoni Arte a le plaisir de<\/p>\n","protected":false},"author":3,"featured_media":55845,"comment_status":"closed","ping_status":"open","sticky":false,"template":"","format":"standard","meta":{"_acf_changed":false,"footnotes":""},"categories":[305,264],"tags":[],"class_list":["post-55850","post","type-post","status-publish","format-standard","has-post-thumbnail","hentry","category-2023-fr","category-news"],"acf":[],"yoast_head":"<!-- This site is optimized with the Yoast SEO plugin v27.4 - https:\/\/yoast.com\/product\/yoast-seo-wordpress\/ -->\n<title>En exposition \u00abMorandi 1890-1964\u00bb \u2013 Palazzo Reale, Milan - Tornabuoni Art<\/title>\n<meta name=\"robots\" content=\"index, follow, max-snippet:-1, max-image-preview:large, max-video-preview:-1\" \/>\n<link rel=\"canonical\" href=\"https:\/\/www.tornabuoniart.com\/it\/in-mostra-morandi-1890-1964-palazzo-reale-milano\/\" \/>\n<meta property=\"og:locale\" content=\"fr_FR\" \/>\n<meta property=\"og:type\" content=\"article\" \/>\n<meta property=\"og:title\" content=\"En exposition \u00abMorandi 1890-1964\u00bb \u2013 Palazzo Reale, Milan - Tornabuoni Art\" \/>\n<meta property=\"og:description\" content=\"[vc_row][vc_column][vc_column_text] &lt;&lt; retourner aux news [\/vc_column_text][\/vc_column][\/vc_row][vc_row][vc_column][vc_single_image source=&#8221;featured_image&#8221; img_size=&#8221;full&#8221; alignment=&#8221;center&#8221; onclick=&#8221;link_image&#8221;][\/vc_column][\/vc_row][vc_row][vc_column][vc_column_text] Palazzo Reale, Milan 5 octobre 2023 &#8211; 4 f\u00e9vrier 2024 Tornabuoni Arte a le plaisir de\" \/>\n<meta property=\"og:url\" content=\"https:\/\/www.tornabuoniart.com\/it\/in-mostra-morandi-1890-1964-palazzo-reale-milano\/\" \/>\n<meta property=\"og:site_name\" content=\"Tornabuoni Art\" \/>\n<meta property=\"article:publisher\" content=\"https:\/\/www.facebook.com\/TornabuoniArt\/\" \/>\n<meta property=\"article:published_time\" content=\"2023-11-21T14:40:36+00:00\" \/>\n<meta property=\"article:modified_time\" content=\"2023-12-06T10:04:42+00:00\" \/>\n<meta property=\"og:image\" content=\"https:\/\/www.tornabuoniart.com\/wp-content\/uploads\/2023\/11\/DSC09970-2048x1365-1.jpeg\" \/>\n\t<meta property=\"og:image:width\" content=\"2048\" \/>\n\t<meta property=\"og:image:height\" content=\"1365\" \/>\n\t<meta property=\"og:image:type\" content=\"image\/jpeg\" \/>\n<meta name=\"author\" content=\"Firenze\" \/>\n<meta name=\"twitter:card\" content=\"summary_large_image\" \/>\n<meta name=\"twitter:creator\" content=\"@TornabuoniArt\" \/>\n<meta name=\"twitter:site\" content=\"@TornabuoniArt\" \/>\n<meta name=\"twitter:label1\" content=\"Written by\" \/>\n\t<meta name=\"twitter:data1\" content=\"Firenze\" \/>\n\t<meta name=\"twitter:label2\" content=\"Est. reading time\" \/>\n\t<meta name=\"twitter:data2\" content=\"1 minute\" \/>\n<script type=\"application\/ld+json\" class=\"yoast-schema-graph\">{\"@context\":\"https:\\\/\\\/schema.org\",\"@graph\":[{\"@type\":\"Article\",\"@id\":\"https:\\\/\\\/www.tornabuoniart.com\\\/it\\\/in-mostra-morandi-1890-1964-palazzo-reale-milano\\\/#article\",\"isPartOf\":{\"@id\":\"https:\\\/\\\/www.tornabuoniart.com\\\/it\\\/in-mostra-morandi-1890-1964-palazzo-reale-milano\\\/\"},\"author\":{\"name\":\"Firenze\",\"@id\":\"https:\\\/\\\/www.tornabuoniart.com\\\/en\\\/#\\\/schema\\\/person\\\/df67e3de137dec2798fe14b939eb7b55\"},\"headline\":\"En exposition \u00abMorandi 1890-1964\u00bb \u2013 Palazzo Reale, Milan\",\"datePublished\":\"2023-11-21T14:40:36+00:00\",\"dateModified\":\"2023-12-06T10:04:42+00:00\",\"mainEntityOfPage\":{\"@id\":\"https:\\\/\\\/www.tornabuoniart.com\\\/it\\\/in-mostra-morandi-1890-1964-palazzo-reale-milano\\\/\"},\"wordCount\":250,\"publisher\":{\"@id\":\"https:\\\/\\\/www.tornabuoniart.com\\\/en\\\/#organization\"},\"image\":{\"@id\":\"https:\\\/\\\/www.tornabuoniart.com\\\/it\\\/in-mostra-morandi-1890-1964-palazzo-reale-milano\\\/#primaryimage\"},\"thumbnailUrl\":\"https:\\\/\\\/www.tornabuoniart.com\\\/wp-content\\\/uploads\\\/2023\\\/11\\\/DSC09970-2048x1365-1.jpeg\",\"articleSection\":[\"2023\",\"News\"],\"inLanguage\":\"fr-FR\"},{\"@type\":\"WebPage\",\"@id\":\"https:\\\/\\\/www.tornabuoniart.com\\\/it\\\/in-mostra-morandi-1890-1964-palazzo-reale-milano\\\/\",\"url\":\"https:\\\/\\\/www.tornabuoniart.com\\\/it\\\/in-mostra-morandi-1890-1964-palazzo-reale-milano\\\/\",\"name\":\"En exposition \u00abMorandi 1890-1964\u00bb \u2013 Palazzo Reale, Milan - Tornabuoni Art\",\"isPartOf\":{\"@id\":\"https:\\\/\\\/www.tornabuoniart.com\\\/en\\\/#website\"},\"primaryImageOfPage\":{\"@id\":\"https:\\\/\\\/www.tornabuoniart.com\\\/it\\\/in-mostra-morandi-1890-1964-palazzo-reale-milano\\\/#primaryimage\"},\"image\":{\"@id\":\"https:\\\/\\\/www.tornabuoniart.com\\\/it\\\/in-mostra-morandi-1890-1964-palazzo-reale-milano\\\/#primaryimage\"},\"thumbnailUrl\":\"https:\\\/\\\/www.tornabuoniart.com\\\/wp-content\\\/uploads\\\/2023\\\/11\\\/DSC09970-2048x1365-1.jpeg\",\"datePublished\":\"2023-11-21T14:40:36+00:00\",\"dateModified\":\"2023-12-06T10:04:42+00:00\",\"breadcrumb\":{\"@id\":\"https:\\\/\\\/www.tornabuoniart.com\\\/it\\\/in-mostra-morandi-1890-1964-palazzo-reale-milano\\\/#breadcrumb\"},\"inLanguage\":\"fr-FR\",\"potentialAction\":[{\"@type\":\"ReadAction\",\"target\":[\"https:\\\/\\\/www.tornabuoniart.com\\\/it\\\/in-mostra-morandi-1890-1964-palazzo-reale-milano\\\/\"]}]},{\"@type\":\"ImageObject\",\"inLanguage\":\"fr-FR\",\"@id\":\"https:\\\/\\\/www.tornabuoniart.com\\\/it\\\/in-mostra-morandi-1890-1964-palazzo-reale-milano\\\/#primaryimage\",\"url\":\"https:\\\/\\\/www.tornabuoniart.com\\\/wp-content\\\/uploads\\\/2023\\\/11\\\/DSC09970-2048x1365-1.jpeg\",\"contentUrl\":\"https:\\\/\\\/www.tornabuoniart.com\\\/wp-content\\\/uploads\\\/2023\\\/11\\\/DSC09970-2048x1365-1.jpeg\",\"width\":2048,\"height\":1365},{\"@type\":\"BreadcrumbList\",\"@id\":\"https:\\\/\\\/www.tornabuoniart.com\\\/it\\\/in-mostra-morandi-1890-1964-palazzo-reale-milano\\\/#breadcrumb\",\"itemListElement\":[{\"@type\":\"ListItem\",\"position\":1,\"name\":\"Home\",\"item\":\"https:\\\/\\\/www.tornabuoniart.com\\\/fr\\\/\"},{\"@type\":\"ListItem\",\"position\":2,\"name\":\"En exposition \u00abMorandi 1890-1964\u00bb \u2013 Palazzo Reale, Milan\"}]},{\"@type\":\"WebSite\",\"@id\":\"https:\\\/\\\/www.tornabuoniart.com\\\/en\\\/#website\",\"url\":\"https:\\\/\\\/www.tornabuoniart.com\\\/en\\\/\",\"name\":\"Tornabuoni Art\",\"description\":\"Modern &amp; Contemporary Art Gallery\",\"publisher\":{\"@id\":\"https:\\\/\\\/www.tornabuoniart.com\\\/en\\\/#organization\"},\"potentialAction\":[{\"@type\":\"SearchAction\",\"target\":{\"@type\":\"EntryPoint\",\"urlTemplate\":\"https:\\\/\\\/www.tornabuoniart.com\\\/en\\\/?s={search_term_string}\"},\"query-input\":{\"@type\":\"PropertyValueSpecification\",\"valueRequired\":true,\"valueName\":\"search_term_string\"}}],\"inLanguage\":\"fr-FR\"},{\"@type\":\"Organization\",\"@id\":\"https:\\\/\\\/www.tornabuoniart.com\\\/en\\\/#organization\",\"name\":\"Tornabuoni Art\",\"url\":\"https:\\\/\\\/www.tornabuoniart.com\\\/en\\\/\",\"logo\":{\"@type\":\"ImageObject\",\"inLanguage\":\"fr-FR\",\"@id\":\"https:\\\/\\\/www.tornabuoniart.com\\\/en\\\/#\\\/schema\\\/logo\\\/image\\\/\",\"url\":\"http:\\\/\\\/www.tornabuoniart.com\\\/wp-content\\\/uploads\\\/2019\\\/04\\\/logo_tornabuoni-art2-2-grey.png\",\"contentUrl\":\"http:\\\/\\\/www.tornabuoniart.com\\\/wp-content\\\/uploads\\\/2019\\\/04\\\/logo_tornabuoni-art2-2-grey.png\",\"width\":961,\"height\":136,\"caption\":\"Tornabuoni Art\"},\"image\":{\"@id\":\"https:\\\/\\\/www.tornabuoniart.com\\\/en\\\/#\\\/schema\\\/logo\\\/image\\\/\"},\"sameAs\":[\"https:\\\/\\\/www.facebook.com\\\/TornabuoniArt\\\/\",\"https:\\\/\\\/x.com\\\/TornabuoniArt\",\"https:\\\/\\\/www.instagram.com\\\/tornabuoniart\\\/\"]},{\"@type\":\"Person\",\"@id\":\"https:\\\/\\\/www.tornabuoniart.com\\\/en\\\/#\\\/schema\\\/person\\\/df67e3de137dec2798fe14b939eb7b55\",\"name\":\"Firenze\",\"image\":{\"@type\":\"ImageObject\",\"inLanguage\":\"fr-FR\",\"@id\":\"https:\\\/\\\/secure.gravatar.com\\\/avatar\\\/57579b05568f2908a1f0d24a99d0c5030db12b726956c9bed9dc2fc5f6369d60?s=96&d=mm&r=g\",\"url\":\"https:\\\/\\\/secure.gravatar.com\\\/avatar\\\/57579b05568f2908a1f0d24a99d0c5030db12b726956c9bed9dc2fc5f6369d60?s=96&d=mm&r=g\",\"contentUrl\":\"https:\\\/\\\/secure.gravatar.com\\\/avatar\\\/57579b05568f2908a1f0d24a99d0c5030db12b726956c9bed9dc2fc5f6369d60?s=96&d=mm&r=g\",\"caption\":\"Firenze\"},\"url\":\"https:\\\/\\\/www.tornabuoniart.com\\\/fr\\\/author\\\/tornabuoniartfirenze\\\/\"}]}<\/script>\n<!-- \/ Yoast SEO plugin. -->","yoast_head_json":{"title":"En exposition \u00abMorandi 1890-1964\u00bb \u2013 Palazzo Reale, Milan - Tornabuoni Art","robots":{"index":"index","follow":"follow","max-snippet":"max-snippet:-1","max-image-preview":"max-image-preview:large","max-video-preview":"max-video-preview:-1"},"canonical":"https:\/\/www.tornabuoniart.com\/it\/in-mostra-morandi-1890-1964-palazzo-reale-milano\/","og_locale":"fr_FR","og_type":"article","og_title":"En exposition \u00abMorandi 1890-1964\u00bb \u2013 Palazzo Reale, Milan - Tornabuoni Art","og_description":"[vc_row][vc_column][vc_column_text] &lt;&lt; retourner aux news [\/vc_column_text][\/vc_column][\/vc_row][vc_row][vc_column][vc_single_image source=&#8221;featured_image&#8221; img_size=&#8221;full&#8221; alignment=&#8221;center&#8221; onclick=&#8221;link_image&#8221;][\/vc_column][\/vc_row][vc_row][vc_column][vc_column_text] Palazzo Reale, Milan 5 octobre 2023 &#8211; 4 f\u00e9vrier 2024 Tornabuoni Arte a le plaisir de","og_url":"https:\/\/www.tornabuoniart.com\/it\/in-mostra-morandi-1890-1964-palazzo-reale-milano\/","og_site_name":"Tornabuoni Art","article_publisher":"https:\/\/www.facebook.com\/TornabuoniArt\/","article_published_time":"2023-11-21T14:40:36+00:00","article_modified_time":"2023-12-06T10:04:42+00:00","og_image":[{"width":2048,"height":1365,"url":"https:\/\/www.tornabuoniart.com\/wp-content\/uploads\/2023\/11\/DSC09970-2048x1365-1.jpeg","type":"image\/jpeg"}],"author":"Firenze","twitter_card":"summary_large_image","twitter_creator":"@TornabuoniArt","twitter_site":"@TornabuoniArt","twitter_misc":{"Written by":"Firenze","Est. reading time":"1 minute"},"schema":{"@context":"https:\/\/schema.org","@graph":[{"@type":"Article","@id":"https:\/\/www.tornabuoniart.com\/it\/in-mostra-morandi-1890-1964-palazzo-reale-milano\/#article","isPartOf":{"@id":"https:\/\/www.tornabuoniart.com\/it\/in-mostra-morandi-1890-1964-palazzo-reale-milano\/"},"author":{"name":"Firenze","@id":"https:\/\/www.tornabuoniart.com\/en\/#\/schema\/person\/df67e3de137dec2798fe14b939eb7b55"},"headline":"En exposition \u00abMorandi 1890-1964\u00bb \u2013 Palazzo Reale, Milan","datePublished":"2023-11-21T14:40:36+00:00","dateModified":"2023-12-06T10:04:42+00:00","mainEntityOfPage":{"@id":"https:\/\/www.tornabuoniart.com\/it\/in-mostra-morandi-1890-1964-palazzo-reale-milano\/"},"wordCount":250,"publisher":{"@id":"https:\/\/www.tornabuoniart.com\/en\/#organization"},"image":{"@id":"https:\/\/www.tornabuoniart.com\/it\/in-mostra-morandi-1890-1964-palazzo-reale-milano\/#primaryimage"},"thumbnailUrl":"https:\/\/www.tornabuoniart.com\/wp-content\/uploads\/2023\/11\/DSC09970-2048x1365-1.jpeg","articleSection":["2023","News"],"inLanguage":"fr-FR"},{"@type":"WebPage","@id":"https:\/\/www.tornabuoniart.com\/it\/in-mostra-morandi-1890-1964-palazzo-reale-milano\/","url":"https:\/\/www.tornabuoniart.com\/it\/in-mostra-morandi-1890-1964-palazzo-reale-milano\/","name":"En exposition \u00abMorandi 1890-1964\u00bb \u2013 Palazzo Reale, Milan - Tornabuoni Art","isPartOf":{"@id":"https:\/\/www.tornabuoniart.com\/en\/#website"},"primaryImageOfPage":{"@id":"https:\/\/www.tornabuoniart.com\/it\/in-mostra-morandi-1890-1964-palazzo-reale-milano\/#primaryimage"},"image":{"@id":"https:\/\/www.tornabuoniart.com\/it\/in-mostra-morandi-1890-1964-palazzo-reale-milano\/#primaryimage"},"thumbnailUrl":"https:\/\/www.tornabuoniart.com\/wp-content\/uploads\/2023\/11\/DSC09970-2048x1365-1.jpeg","datePublished":"2023-11-21T14:40:36+00:00","dateModified":"2023-12-06T10:04:42+00:00","breadcrumb":{"@id":"https:\/\/www.tornabuoniart.com\/it\/in-mostra-morandi-1890-1964-palazzo-reale-milano\/#breadcrumb"},"inLanguage":"fr-FR","potentialAction":[{"@type":"ReadAction","target":["https:\/\/www.tornabuoniart.com\/it\/in-mostra-morandi-1890-1964-palazzo-reale-milano\/"]}]},{"@type":"ImageObject","inLanguage":"fr-FR","@id":"https:\/\/www.tornabuoniart.com\/it\/in-mostra-morandi-1890-1964-palazzo-reale-milano\/#primaryimage","url":"https:\/\/www.tornabuoniart.com\/wp-content\/uploads\/2023\/11\/DSC09970-2048x1365-1.jpeg","contentUrl":"https:\/\/www.tornabuoniart.com\/wp-content\/uploads\/2023\/11\/DSC09970-2048x1365-1.jpeg","width":2048,"height":1365},{"@type":"BreadcrumbList","@id":"https:\/\/www.tornabuoniart.com\/it\/in-mostra-morandi-1890-1964-palazzo-reale-milano\/#breadcrumb","itemListElement":[{"@type":"ListItem","position":1,"name":"Home","item":"https:\/\/www.tornabuoniart.com\/fr\/"},{"@type":"ListItem","position":2,"name":"En exposition \u00abMorandi 1890-1964\u00bb \u2013 Palazzo Reale, Milan"}]},{"@type":"WebSite","@id":"https:\/\/www.tornabuoniart.com\/en\/#website","url":"https:\/\/www.tornabuoniart.com\/en\/","name":"Tornabuoni Art","description":"Modern &amp; Contemporary Art Gallery","publisher":{"@id":"https:\/\/www.tornabuoniart.com\/en\/#organization"},"potentialAction":[{"@type":"SearchAction","target":{"@type":"EntryPoint","urlTemplate":"https:\/\/www.tornabuoniart.com\/en\/?s={search_term_string}"},"query-input":{"@type":"PropertyValueSpecification","valueRequired":true,"valueName":"search_term_string"}}],"inLanguage":"fr-FR"},{"@type":"Organization","@id":"https:\/\/www.tornabuoniart.com\/en\/#organization","name":"Tornabuoni Art","url":"https:\/\/www.tornabuoniart.com\/en\/","logo":{"@type":"ImageObject","inLanguage":"fr-FR","@id":"https:\/\/www.tornabuoniart.com\/en\/#\/schema\/logo\/image\/","url":"http:\/\/www.tornabuoniart.com\/wp-content\/uploads\/2019\/04\/logo_tornabuoni-art2-2-grey.png","contentUrl":"http:\/\/www.tornabuoniart.com\/wp-content\/uploads\/2019\/04\/logo_tornabuoni-art2-2-grey.png","width":961,"height":136,"caption":"Tornabuoni Art"},"image":{"@id":"https:\/\/www.tornabuoniart.com\/en\/#\/schema\/logo\/image\/"},"sameAs":["https:\/\/www.facebook.com\/TornabuoniArt\/","https:\/\/x.com\/TornabuoniArt","https:\/\/www.instagram.com\/tornabuoniart\/"]},{"@type":"Person","@id":"https:\/\/www.tornabuoniart.com\/en\/#\/schema\/person\/df67e3de137dec2798fe14b939eb7b55","name":"Firenze","image":{"@type":"ImageObject","inLanguage":"fr-FR","@id":"https:\/\/secure.gravatar.com\/avatar\/57579b05568f2908a1f0d24a99d0c5030db12b726956c9bed9dc2fc5f6369d60?s=96&d=mm&r=g","url":"https:\/\/secure.gravatar.com\/avatar\/57579b05568f2908a1f0d24a99d0c5030db12b726956c9bed9dc2fc5f6369d60?s=96&d=mm&r=g","contentUrl":"https:\/\/secure.gravatar.com\/avatar\/57579b05568f2908a1f0d24a99d0c5030db12b726956c9bed9dc2fc5f6369d60?s=96&d=mm&r=g","caption":"Firenze"},"url":"https:\/\/www.tornabuoniart.com\/fr\/author\/tornabuoniartfirenze\/"}]}},"_links":{"self":[{"href":"https:\/\/www.tornabuoniart.com\/fr\/wp-json\/wp\/v2\/posts\/55850","targetHints":{"allow":["GET"]}}],"collection":[{"href":"https:\/\/www.tornabuoniart.com\/fr\/wp-json\/wp\/v2\/posts"}],"about":[{"href":"https:\/\/www.tornabuoniart.com\/fr\/wp-json\/wp\/v2\/types\/post"}],"author":[{"embeddable":true,"href":"https:\/\/www.tornabuoniart.com\/fr\/wp-json\/wp\/v2\/users\/3"}],"replies":[{"embeddable":true,"href":"https:\/\/www.tornabuoniart.com\/fr\/wp-json\/wp\/v2\/comments?post=55850"}],"version-history":[{"count":5,"href":"https:\/\/www.tornabuoniart.com\/fr\/wp-json\/wp\/v2\/posts\/55850\/revisions"}],"predecessor-version":[{"id":56235,"href":"https:\/\/www.tornabuoniart.com\/fr\/wp-json\/wp\/v2\/posts\/55850\/revisions\/56235"}],"wp:featuredmedia":[{"embeddable":true,"href":"https:\/\/www.tornabuoniart.com\/fr\/wp-json\/wp\/v2\/media\/55845"}],"wp:attachment":[{"href":"https:\/\/www.tornabuoniart.com\/fr\/wp-json\/wp\/v2\/media?parent=55850"}],"wp:term":[{"taxonomy":"category","embeddable":true,"href":"https:\/\/www.tornabuoniart.com\/fr\/wp-json\/wp\/v2\/categories?post=55850"},{"taxonomy":"post_tag","embeddable":true,"href":"https:\/\/www.tornabuoniart.com\/fr\/wp-json\/wp\/v2\/tags?post=55850"}],"curies":[{"name":"wp","href":"https:\/\/api.w.org\/{rel}","templated":true}]}}