{"id":54051,"date":"2023-06-27T10:44:52","date_gmt":"2023-06-27T09:44:52","guid":{"rendered":"https:\/\/www.tornabuoniart.com\/save-the-date-28-09-02-10-tornabuoni-art-participe-a-arte-collezionismo-a-roma-palazzo-brancaccio-rome\/"},"modified":"2023-07-26T16:10:35","modified_gmt":"2023-07-26T15:10:35","slug":"save-the-date-28-09-02-10-tornabuoni-art-participe-a-arte-collezionismo-a-roma-palazzo-brancaccio-rome","status":"publish","type":"post","link":"https:\/\/www.tornabuoniart.com\/fr\/save-the-date-28-09-02-10-tornabuoni-art-participe-a-arte-collezionismo-a-roma-palazzo-brancaccio-rome\/","title":{"rendered":"SAVE THE DATE 28.09 &#8211; 02.10 : Tornabuoni Art participe \u00e0 \u00ab Arte + Collezionismo a Roma \u00bb &#8211; Palazzo Brancaccio, Rome"},"content":{"rendered":"<div class=\"wpb-content-wrapper\"><p>[vc_row][vc_column][vc_column_text]<\/p>\n<p style=\"text-align: center;\"><span style=\"color: #808080;\"><em><a style=\"color: #808080;\" href=\"https:\/\/www.tornabuoniart.com\/fr\/news-fr\/\">&lt;&lt; retourner aux news<\/a><\/em><\/span><\/p>\n<p>[\/vc_column_text][\/vc_column][\/vc_row][vc_row][vc_column][vc_single_image source=&#8221;featured_image&#8221; img_size=&#8221;full&#8221; alignment=&#8221;center&#8221; onclick=&#8221;link_image&#8221;][\/vc_column][\/vc_row][vc_row][vc_column][vc_column_text]<\/p>\n<p style=\"text-align: center;\"><strong>ARTE + COLLEZIONISMO A ROMA<\/strong><br \/>\n<strong>28 septembre &#8211; 2 octobre 2023<\/strong><br \/>\n<strong>Palais Brancaccio, Rome<\/strong><\/p>\n<p>Tornabuoni Art a le plaisir d&#8217;annoncer sa participation \u00e0 <strong>\u00ab Arte + Collezionismo a Roma \u00bb, la nouvelle exposition d&#8217;antiquit\u00e9s organis\u00e9e par l&#8217;Associazione Antiquari d&#8217;Italia<\/strong>, sous le patronage du Minist\u00e8re de la Culture.<\/p>\n<p>Il s&#8217;agit d&#8217;une initiative importante qui vise \u00e0 redonner \u00e0 la capitale de l&#8217;Italie un espace de grand prestige artistique, capable d&#8217;offrir un point de r\u00e9f\u00e9rence absolu pour les chercheurs et les collectionneurs du monde entier.<\/p>\n<p><a href=\"https:\/\/www.antiquariditalia.it\/en\/ac_roma\/2023\">En savoir plus<\/a>[\/vc_column_text][\/vc_column][\/vc_row]<\/p>\n<\/div>","protected":false},"excerpt":{"rendered":"<p>[vc_row][vc_column][vc_column_text] &lt;&lt; retourner aux news [\/vc_column_text][\/vc_column][\/vc_row][vc_row][vc_column][vc_single_image source=&#8221;featured_image&#8221; img_size=&#8221;full&#8221; alignment=&#8221;center&#8221; onclick=&#8221;link_image&#8221;][\/vc_column][\/vc_row][vc_row][vc_column][vc_column_text] ARTE + COLLEZIONISMO A ROMA 28 septembre &#8211; 2 octobre 2023 Palais Brancaccio, Rome Tornabuoni Art<\/p>\n","protected":false},"author":3,"featured_media":54046,"comment_status":"closed","ping_status":"open","sticky":false,"template":"","format":"standard","meta":{"_acf_changed":false,"footnotes":""},"categories":[305,264],"tags":[],"class_list":["post-54051","post","type-post","status-publish","format-standard","has-post-thumbnail","hentry","category-2023-fr","category-news"],"acf":[],"yoast_head":"<!-- This site is optimized with the Yoast SEO plugin v28.4 - https:\/\/yoast.com\/product\/yoast-seo-wordpress\/ -->\n<title>SAVE THE DATE 28.09 - 02.10 : Tornabuoni Art participe \u00e0 \u00ab Arte + Collezionismo a Roma \u00bb - Palazzo Brancaccio, Rome - Tornabuoni Art<\/title>\n<meta name=\"robots\" content=\"index, follow, max-snippet:-1, max-image-preview:large, max-video-preview:-1\" \/>\n<link rel=\"canonical\" href=\"https:\/\/www.tornabuoniart.com\/it\/save-the-date-28-09-02-10-tornabuoni-art-partecipa-a-arte-collezionismo-a-roma-palazzo-brancaccio-roma\/\" \/>\n<meta property=\"og:locale\" content=\"fr_FR\" \/>\n<meta property=\"og:type\" content=\"article\" \/>\n<meta property=\"og:title\" content=\"SAVE THE DATE 28.09 - 02.10 : Tornabuoni Art participe \u00e0 \u00ab Arte + Collezionismo a Roma \u00bb - Palazzo Brancaccio, Rome - Tornabuoni Art\" \/>\n<meta property=\"og:description\" content=\"[vc_row][vc_column][vc_column_text] &lt;&lt; retourner aux news [\/vc_column_text][\/vc_column][\/vc_row][vc_row][vc_column][vc_single_image source=&#8221;featured_image&#8221; img_size=&#8221;full&#8221; alignment=&#8221;center&#8221; onclick=&#8221;link_image&#8221;][\/vc_column][\/vc_row][vc_row][vc_column][vc_column_text] ARTE + COLLEZIONISMO A ROMA 28 septembre &#8211; 2 octobre 2023 Palais Brancaccio, Rome Tornabuoni Art\" \/>\n<meta property=\"og:url\" content=\"https:\/\/www.tornabuoniart.com\/it\/save-the-date-28-09-02-10-tornabuoni-art-partecipa-a-arte-collezionismo-a-roma-palazzo-brancaccio-roma\/\" \/>\n<meta property=\"og:site_name\" content=\"Tornabuoni Art\" \/>\n<meta property=\"article:publisher\" content=\"https:\/\/www.facebook.com\/TornabuoniArt\/\" \/>\n<meta property=\"article:published_time\" content=\"2023-06-27T09:44:52+00:00\" \/>\n<meta property=\"article:modified_time\" content=\"2023-07-26T15:10:35+00:00\" \/>\n<meta property=\"og:image\" content=\"https:\/\/www.tornabuoniart.com\/wp-content\/uploads\/2023\/06\/BANNER.gif\" \/>\n\t<meta property=\"og:image:width\" content=\"1200\" \/>\n\t<meta property=\"og:image:height\" content=\"600\" \/>\n\t<meta property=\"og:image:type\" content=\"image\/gif\" \/>\n<meta name=\"author\" content=\"Firenze\" \/>\n<meta name=\"twitter:card\" content=\"summary_large_image\" \/>\n<meta name=\"twitter:creator\" content=\"@TornabuoniArt\" \/>\n<meta name=\"twitter:site\" content=\"@TornabuoniArt\" \/>\n<meta name=\"twitter:label1\" content=\"Written by\" \/>\n\t<meta name=\"twitter:data1\" content=\"Firenze\" \/>\n\t<meta name=\"twitter:label2\" content=\"Est. reading time\" \/>\n\t<meta name=\"twitter:data2\" content=\"1 minute\" \/>\n<script type=\"application\/ld+json\" class=\"yoast-schema-graph\">{\"@context\":\"https:\\\/\\\/schema.org\",\"@graph\":[{\"@type\":\"Article\",\"@id\":\"https:\\\/\\\/www.tornabuoniart.com\\\/it\\\/save-the-date-28-09-02-10-tornabuoni-art-partecipa-a-arte-collezionismo-a-roma-palazzo-brancaccio-roma\\\/#article\",\"isPartOf\":{\"@id\":\"https:\\\/\\\/www.tornabuoniart.com\\\/it\\\/save-the-date-28-09-02-10-tornabuoni-art-partecipa-a-arte-collezionismo-a-roma-palazzo-brancaccio-roma\\\/\"},\"author\":{\"name\":\"Firenze\",\"@id\":\"https:\\\/\\\/www.tornabuoniart.com\\\/en\\\/#\\\/schema\\\/person\\\/df67e3de137dec2798fe14b939eb7b55\"},\"headline\":\"SAVE THE DATE 28.09 &#8211; 02.10 : Tornabuoni Art participe \u00e0 \u00ab Arte + Collezionismo a Roma \u00bb &#8211; Palazzo Brancaccio, Rome\",\"datePublished\":\"2023-06-27T09:44:52+00:00\",\"dateModified\":\"2023-07-26T15:10:35+00:00\",\"mainEntityOfPage\":{\"@id\":\"https:\\\/\\\/www.tornabuoniart.com\\\/it\\\/save-the-date-28-09-02-10-tornabuoni-art-partecipa-a-arte-collezionismo-a-roma-palazzo-brancaccio-roma\\\/\"},\"wordCount\":159,\"publisher\":{\"@id\":\"https:\\\/\\\/www.tornabuoniart.com\\\/en\\\/#organization\"},\"image\":{\"@id\":\"https:\\\/\\\/www.tornabuoniart.com\\\/it\\\/save-the-date-28-09-02-10-tornabuoni-art-partecipa-a-arte-collezionismo-a-roma-palazzo-brancaccio-roma\\\/#primaryimage\"},\"thumbnailUrl\":\"https:\\\/\\\/www.tornabuoniart.com\\\/wp-content\\\/uploads\\\/2023\\\/06\\\/BANNER.gif\",\"articleSection\":[\"2023\",\"News\"],\"inLanguage\":\"fr-FR\"},{\"@type\":\"WebPage\",\"@id\":\"https:\\\/\\\/www.tornabuoniart.com\\\/it\\\/save-the-date-28-09-02-10-tornabuoni-art-partecipa-a-arte-collezionismo-a-roma-palazzo-brancaccio-roma\\\/\",\"url\":\"https:\\\/\\\/www.tornabuoniart.com\\\/it\\\/save-the-date-28-09-02-10-tornabuoni-art-partecipa-a-arte-collezionismo-a-roma-palazzo-brancaccio-roma\\\/\",\"name\":\"SAVE THE DATE 28.09 - 02.10 : Tornabuoni Art participe \u00e0 \u00ab Arte + Collezionismo a Roma \u00bb - Palazzo Brancaccio, Rome - Tornabuoni Art\",\"isPartOf\":{\"@id\":\"https:\\\/\\\/www.tornabuoniart.com\\\/en\\\/#website\"},\"primaryImageOfPage\":{\"@id\":\"https:\\\/\\\/www.tornabuoniart.com\\\/it\\\/save-the-date-28-09-02-10-tornabuoni-art-partecipa-a-arte-collezionismo-a-roma-palazzo-brancaccio-roma\\\/#primaryimage\"},\"image\":{\"@id\":\"https:\\\/\\\/www.tornabuoniart.com\\\/it\\\/save-the-date-28-09-02-10-tornabuoni-art-partecipa-a-arte-collezionismo-a-roma-palazzo-brancaccio-roma\\\/#primaryimage\"},\"thumbnailUrl\":\"https:\\\/\\\/www.tornabuoniart.com\\\/wp-content\\\/uploads\\\/2023\\\/06\\\/BANNER.gif\",\"datePublished\":\"2023-06-27T09:44:52+00:00\",\"dateModified\":\"2023-07-26T15:10:35+00:00\",\"breadcrumb\":{\"@id\":\"https:\\\/\\\/www.tornabuoniart.com\\\/it\\\/save-the-date-28-09-02-10-tornabuoni-art-partecipa-a-arte-collezionismo-a-roma-palazzo-brancaccio-roma\\\/#breadcrumb\"},\"inLanguage\":\"fr-FR\",\"potentialAction\":[{\"@type\":\"ReadAction\",\"target\":[\"https:\\\/\\\/www.tornabuoniart.com\\\/it\\\/save-the-date-28-09-02-10-tornabuoni-art-partecipa-a-arte-collezionismo-a-roma-palazzo-brancaccio-roma\\\/\"]}]},{\"@type\":\"ImageObject\",\"inLanguage\":\"fr-FR\",\"@id\":\"https:\\\/\\\/www.tornabuoniart.com\\\/it\\\/save-the-date-28-09-02-10-tornabuoni-art-partecipa-a-arte-collezionismo-a-roma-palazzo-brancaccio-roma\\\/#primaryimage\",\"url\":\"https:\\\/\\\/www.tornabuoniart.com\\\/wp-content\\\/uploads\\\/2023\\\/06\\\/BANNER.gif\",\"contentUrl\":\"https:\\\/\\\/www.tornabuoniart.com\\\/wp-content\\\/uploads\\\/2023\\\/06\\\/BANNER.gif\",\"width\":1200,\"height\":600},{\"@type\":\"BreadcrumbList\",\"@id\":\"https:\\\/\\\/www.tornabuoniart.com\\\/it\\\/save-the-date-28-09-02-10-tornabuoni-art-partecipa-a-arte-collezionismo-a-roma-palazzo-brancaccio-roma\\\/#breadcrumb\",\"itemListElement\":[{\"@type\":\"ListItem\",\"position\":1,\"name\":\"Home\",\"item\":\"https:\\\/\\\/www.tornabuoniart.com\\\/fr\\\/\"},{\"@type\":\"ListItem\",\"position\":2,\"name\":\"SAVE THE DATE 28.09 &#8211; 02.10 : Tornabuoni Art participe \u00e0 \u00ab Arte + Collezionismo a Roma \u00bb &#8211; Palazzo Brancaccio, Rome\"}]},{\"@type\":\"WebSite\",\"@id\":\"https:\\\/\\\/www.tornabuoniart.com\\\/en\\\/#website\",\"url\":\"https:\\\/\\\/www.tornabuoniart.com\\\/en\\\/\",\"name\":\"Tornabuoni Art\",\"description\":\"Modern &amp; Contemporary Art Gallery\",\"publisher\":{\"@id\":\"https:\\\/\\\/www.tornabuoniart.com\\\/en\\\/#organization\"},\"potentialAction\":[{\"@type\":\"SearchAction\",\"target\":{\"@type\":\"EntryPoint\",\"urlTemplate\":\"https:\\\/\\\/www.tornabuoniart.com\\\/en\\\/?s={search_term_string}\"},\"query-input\":{\"@type\":\"PropertyValueSpecification\",\"valueRequired\":true,\"valueName\":\"search_term_string\"}}],\"inLanguage\":\"fr-FR\"},{\"@type\":\"Organization\",\"@id\":\"https:\\\/\\\/www.tornabuoniart.com\\\/en\\\/#organization\",\"name\":\"Tornabuoni Art\",\"url\":\"https:\\\/\\\/www.tornabuoniart.com\\\/en\\\/\",\"logo\":{\"@type\":\"ImageObject\",\"inLanguage\":\"fr-FR\",\"@id\":\"https:\\\/\\\/www.tornabuoniart.com\\\/en\\\/#\\\/schema\\\/logo\\\/image\\\/\",\"url\":\"http:\\\/\\\/www.tornabuoniart.com\\\/wp-content\\\/uploads\\\/2019\\\/04\\\/logo_tornabuoni-art2-2-grey.png\",\"contentUrl\":\"http:\\\/\\\/www.tornabuoniart.com\\\/wp-content\\\/uploads\\\/2019\\\/04\\\/logo_tornabuoni-art2-2-grey.png\",\"width\":961,\"height\":136,\"caption\":\"Tornabuoni Art\"},\"image\":{\"@id\":\"https:\\\/\\\/www.tornabuoniart.com\\\/en\\\/#\\\/schema\\\/logo\\\/image\\\/\"},\"sameAs\":[\"https:\\\/\\\/www.facebook.com\\\/TornabuoniArt\\\/\",\"https:\\\/\\\/x.com\\\/TornabuoniArt\",\"https:\\\/\\\/www.instagram.com\\\/tornabuoniart\\\/\"]},{\"@type\":\"Person\",\"@id\":\"https:\\\/\\\/www.tornabuoniart.com\\\/en\\\/#\\\/schema\\\/person\\\/df67e3de137dec2798fe14b939eb7b55\",\"name\":\"Firenze\",\"image\":{\"@type\":\"ImageObject\",\"inLanguage\":\"fr-FR\",\"@id\":\"https:\\\/\\\/secure.gravatar.com\\\/avatar\\\/57579b05568f2908a1f0d24a99d0c5030db12b726956c9bed9dc2fc5f6369d60?s=96&d=mm&r=g\",\"url\":\"https:\\\/\\\/secure.gravatar.com\\\/avatar\\\/57579b05568f2908a1f0d24a99d0c5030db12b726956c9bed9dc2fc5f6369d60?s=96&d=mm&r=g\",\"contentUrl\":\"https:\\\/\\\/secure.gravatar.com\\\/avatar\\\/57579b05568f2908a1f0d24a99d0c5030db12b726956c9bed9dc2fc5f6369d60?s=96&d=mm&r=g\",\"caption\":\"Firenze\"},\"url\":\"https:\\\/\\\/www.tornabuoniart.com\\\/fr\\\/author\\\/tornabuoniartfirenze\\\/\"}]}<\/script>\n<!-- \/ Yoast SEO plugin. -->","yoast_head_json":{"title":"SAVE THE DATE 28.09 - 02.10 : Tornabuoni Art participe \u00e0 \u00ab Arte + Collezionismo a Roma \u00bb - Palazzo Brancaccio, Rome - Tornabuoni Art","robots":{"index":"index","follow":"follow","max-snippet":"max-snippet:-1","max-image-preview":"max-image-preview:large","max-video-preview":"max-video-preview:-1"},"canonical":"https:\/\/www.tornabuoniart.com\/it\/save-the-date-28-09-02-10-tornabuoni-art-partecipa-a-arte-collezionismo-a-roma-palazzo-brancaccio-roma\/","og_locale":"fr_FR","og_type":"article","og_title":"SAVE THE DATE 28.09 - 02.10 : Tornabuoni Art participe \u00e0 \u00ab Arte + Collezionismo a Roma \u00bb - Palazzo Brancaccio, Rome - Tornabuoni Art","og_description":"[vc_row][vc_column][vc_column_text] &lt;&lt; retourner aux news [\/vc_column_text][\/vc_column][\/vc_row][vc_row][vc_column][vc_single_image source=&#8221;featured_image&#8221; img_size=&#8221;full&#8221; alignment=&#8221;center&#8221; onclick=&#8221;link_image&#8221;][\/vc_column][\/vc_row][vc_row][vc_column][vc_column_text] ARTE + COLLEZIONISMO A ROMA 28 septembre &#8211; 2 octobre 2023 Palais Brancaccio, Rome Tornabuoni Art","og_url":"https:\/\/www.tornabuoniart.com\/it\/save-the-date-28-09-02-10-tornabuoni-art-partecipa-a-arte-collezionismo-a-roma-palazzo-brancaccio-roma\/","og_site_name":"Tornabuoni Art","article_publisher":"https:\/\/www.facebook.com\/TornabuoniArt\/","article_published_time":"2023-06-27T09:44:52+00:00","article_modified_time":"2023-07-26T15:10:35+00:00","og_image":[{"width":1200,"height":600,"url":"https:\/\/www.tornabuoniart.com\/wp-content\/uploads\/2023\/06\/BANNER.gif","type":"image\/gif"}],"author":"Firenze","twitter_card":"summary_large_image","twitter_creator":"@TornabuoniArt","twitter_site":"@TornabuoniArt","twitter_misc":{"Written by":"Firenze","Est. reading time":"1 minute"},"schema":{"@context":"https:\/\/schema.org","@graph":[{"@type":"Article","@id":"https:\/\/www.tornabuoniart.com\/it\/save-the-date-28-09-02-10-tornabuoni-art-partecipa-a-arte-collezionismo-a-roma-palazzo-brancaccio-roma\/#article","isPartOf":{"@id":"https:\/\/www.tornabuoniart.com\/it\/save-the-date-28-09-02-10-tornabuoni-art-partecipa-a-arte-collezionismo-a-roma-palazzo-brancaccio-roma\/"},"author":{"name":"Firenze","@id":"https:\/\/www.tornabuoniart.com\/en\/#\/schema\/person\/df67e3de137dec2798fe14b939eb7b55"},"headline":"SAVE THE DATE 28.09 &#8211; 02.10 : Tornabuoni Art participe \u00e0 \u00ab Arte + Collezionismo a Roma \u00bb &#8211; Palazzo Brancaccio, Rome","datePublished":"2023-06-27T09:44:52+00:00","dateModified":"2023-07-26T15:10:35+00:00","mainEntityOfPage":{"@id":"https:\/\/www.tornabuoniart.com\/it\/save-the-date-28-09-02-10-tornabuoni-art-partecipa-a-arte-collezionismo-a-roma-palazzo-brancaccio-roma\/"},"wordCount":159,"publisher":{"@id":"https:\/\/www.tornabuoniart.com\/en\/#organization"},"image":{"@id":"https:\/\/www.tornabuoniart.com\/it\/save-the-date-28-09-02-10-tornabuoni-art-partecipa-a-arte-collezionismo-a-roma-palazzo-brancaccio-roma\/#primaryimage"},"thumbnailUrl":"https:\/\/www.tornabuoniart.com\/wp-content\/uploads\/2023\/06\/BANNER.gif","articleSection":["2023","News"],"inLanguage":"fr-FR"},{"@type":"WebPage","@id":"https:\/\/www.tornabuoniart.com\/it\/save-the-date-28-09-02-10-tornabuoni-art-partecipa-a-arte-collezionismo-a-roma-palazzo-brancaccio-roma\/","url":"https:\/\/www.tornabuoniart.com\/it\/save-the-date-28-09-02-10-tornabuoni-art-partecipa-a-arte-collezionismo-a-roma-palazzo-brancaccio-roma\/","name":"SAVE THE DATE 28.09 - 02.10 : Tornabuoni Art participe \u00e0 \u00ab Arte + Collezionismo a Roma \u00bb - Palazzo Brancaccio, Rome - Tornabuoni Art","isPartOf":{"@id":"https:\/\/www.tornabuoniart.com\/en\/#website"},"primaryImageOfPage":{"@id":"https:\/\/www.tornabuoniart.com\/it\/save-the-date-28-09-02-10-tornabuoni-art-partecipa-a-arte-collezionismo-a-roma-palazzo-brancaccio-roma\/#primaryimage"},"image":{"@id":"https:\/\/www.tornabuoniart.com\/it\/save-the-date-28-09-02-10-tornabuoni-art-partecipa-a-arte-collezionismo-a-roma-palazzo-brancaccio-roma\/#primaryimage"},"thumbnailUrl":"https:\/\/www.tornabuoniart.com\/wp-content\/uploads\/2023\/06\/BANNER.gif","datePublished":"2023-06-27T09:44:52+00:00","dateModified":"2023-07-26T15:10:35+00:00","breadcrumb":{"@id":"https:\/\/www.tornabuoniart.com\/it\/save-the-date-28-09-02-10-tornabuoni-art-partecipa-a-arte-collezionismo-a-roma-palazzo-brancaccio-roma\/#breadcrumb"},"inLanguage":"fr-FR","potentialAction":[{"@type":"ReadAction","target":["https:\/\/www.tornabuoniart.com\/it\/save-the-date-28-09-02-10-tornabuoni-art-partecipa-a-arte-collezionismo-a-roma-palazzo-brancaccio-roma\/"]}]},{"@type":"ImageObject","inLanguage":"fr-FR","@id":"https:\/\/www.tornabuoniart.com\/it\/save-the-date-28-09-02-10-tornabuoni-art-partecipa-a-arte-collezionismo-a-roma-palazzo-brancaccio-roma\/#primaryimage","url":"https:\/\/www.tornabuoniart.com\/wp-content\/uploads\/2023\/06\/BANNER.gif","contentUrl":"https:\/\/www.tornabuoniart.com\/wp-content\/uploads\/2023\/06\/BANNER.gif","width":1200,"height":600},{"@type":"BreadcrumbList","@id":"https:\/\/www.tornabuoniart.com\/it\/save-the-date-28-09-02-10-tornabuoni-art-partecipa-a-arte-collezionismo-a-roma-palazzo-brancaccio-roma\/#breadcrumb","itemListElement":[{"@type":"ListItem","position":1,"name":"Home","item":"https:\/\/www.tornabuoniart.com\/fr\/"},{"@type":"ListItem","position":2,"name":"SAVE THE DATE 28.09 &#8211; 02.10 : Tornabuoni Art participe \u00e0 \u00ab Arte + Collezionismo a Roma \u00bb &#8211; Palazzo Brancaccio, Rome"}]},{"@type":"WebSite","@id":"https:\/\/www.tornabuoniart.com\/en\/#website","url":"https:\/\/www.tornabuoniart.com\/en\/","name":"Tornabuoni Art","description":"Modern &amp; Contemporary Art Gallery","publisher":{"@id":"https:\/\/www.tornabuoniart.com\/en\/#organization"},"potentialAction":[{"@type":"SearchAction","target":{"@type":"EntryPoint","urlTemplate":"https:\/\/www.tornabuoniart.com\/en\/?s={search_term_string}"},"query-input":{"@type":"PropertyValueSpecification","valueRequired":true,"valueName":"search_term_string"}}],"inLanguage":"fr-FR"},{"@type":"Organization","@id":"https:\/\/www.tornabuoniart.com\/en\/#organization","name":"Tornabuoni Art","url":"https:\/\/www.tornabuoniart.com\/en\/","logo":{"@type":"ImageObject","inLanguage":"fr-FR","@id":"https:\/\/www.tornabuoniart.com\/en\/#\/schema\/logo\/image\/","url":"http:\/\/www.tornabuoniart.com\/wp-content\/uploads\/2019\/04\/logo_tornabuoni-art2-2-grey.png","contentUrl":"http:\/\/www.tornabuoniart.com\/wp-content\/uploads\/2019\/04\/logo_tornabuoni-art2-2-grey.png","width":961,"height":136,"caption":"Tornabuoni Art"},"image":{"@id":"https:\/\/www.tornabuoniart.com\/en\/#\/schema\/logo\/image\/"},"sameAs":["https:\/\/www.facebook.com\/TornabuoniArt\/","https:\/\/x.com\/TornabuoniArt","https:\/\/www.instagram.com\/tornabuoniart\/"]},{"@type":"Person","@id":"https:\/\/www.tornabuoniart.com\/en\/#\/schema\/person\/df67e3de137dec2798fe14b939eb7b55","name":"Firenze","image":{"@type":"ImageObject","inLanguage":"fr-FR","@id":"https:\/\/secure.gravatar.com\/avatar\/57579b05568f2908a1f0d24a99d0c5030db12b726956c9bed9dc2fc5f6369d60?s=96&d=mm&r=g","url":"https:\/\/secure.gravatar.com\/avatar\/57579b05568f2908a1f0d24a99d0c5030db12b726956c9bed9dc2fc5f6369d60?s=96&d=mm&r=g","contentUrl":"https:\/\/secure.gravatar.com\/avatar\/57579b05568f2908a1f0d24a99d0c5030db12b726956c9bed9dc2fc5f6369d60?s=96&d=mm&r=g","caption":"Firenze"},"url":"https:\/\/www.tornabuoniart.com\/fr\/author\/tornabuoniartfirenze\/"}]}},"_links":{"self":[{"href":"https:\/\/www.tornabuoniart.com\/fr\/wp-json\/wp\/v2\/posts\/54051","targetHints":{"allow":["GET"]}}],"collection":[{"href":"https:\/\/www.tornabuoniart.com\/fr\/wp-json\/wp\/v2\/posts"}],"about":[{"href":"https:\/\/www.tornabuoniart.com\/fr\/wp-json\/wp\/v2\/types\/post"}],"author":[{"embeddable":true,"href":"https:\/\/www.tornabuoniart.com\/fr\/wp-json\/wp\/v2\/users\/3"}],"replies":[{"embeddable":true,"href":"https:\/\/www.tornabuoniart.com\/fr\/wp-json\/wp\/v2\/comments?post=54051"}],"version-history":[{"count":4,"href":"https:\/\/www.tornabuoniart.com\/fr\/wp-json\/wp\/v2\/posts\/54051\/revisions"}],"predecessor-version":[{"id":54402,"href":"https:\/\/www.tornabuoniart.com\/fr\/wp-json\/wp\/v2\/posts\/54051\/revisions\/54402"}],"wp:featuredmedia":[{"embeddable":true,"href":"https:\/\/www.tornabuoniart.com\/fr\/wp-json\/wp\/v2\/media\/54046"}],"wp:attachment":[{"href":"https:\/\/www.tornabuoniart.com\/fr\/wp-json\/wp\/v2\/media?parent=54051"}],"wp:term":[{"taxonomy":"category","embeddable":true,"href":"https:\/\/www.tornabuoniart.com\/fr\/wp-json\/wp\/v2\/categories?post=54051"},{"taxonomy":"post_tag","embeddable":true,"href":"https:\/\/www.tornabuoniart.com\/fr\/wp-json\/wp\/v2\/tags?post=54051"}],"curies":[{"name":"wp","href":"https:\/\/api.w.org\/{rel}","templated":true}]}}