{"id":45623,"date":"2022-04-09T16:55:03","date_gmt":"2022-04-09T15:55:03","guid":{"rendered":"https:\/\/www.tornabuoniart.com\/?p=45623"},"modified":"2022-05-06T15:17:08","modified_gmt":"2022-05-06T14:17:08","slug":"jannis-kounellis-on-fire","status":"publish","type":"post","link":"https:\/\/www.tornabuoniart.com\/fr\/jannis-kounellis-on-fire\/","title":{"rendered":"Jannis Kounellis &#8211; On Fire"},"content":{"rendered":"<div class=\"wpb-content-wrapper\"><p>[vc_row][vc_column][vc_column_text]<\/p>\n<p style=\"text-align: center;\"><span style=\"color: #808080;\"><em><a style=\"color: #808080;\" href=\"https:\/\/tornabuoniart.com\/it\/on-fire\/\">&lt;&lt; retour au menu<\/a><\/em><\/span><\/p>\n<p>[\/vc_column_text][\/vc_column][\/vc_row][vc_row][vc_column][vc_video link=&#8221;https:\/\/vimeo.com\/699735467&#8243;][vc_separator][vc_empty_space][vc_separator][vc_column_text]<\/p>\n<h2 style=\"text-align: left;\">Vues d&#8217;exposition<\/h2>\n<p>[\/vc_column_text][vc_gallery interval=&#8221;3&#8243; images=&#8221;47076,47079,47082&#8243; img_size=&#8221;full&#8221;][vc_column_text]<\/p>\n<h2 style=\"text-align: center;\">Oeuvres expos\u00e9es<\/h2>\n<p>[\/vc_column_text][\/vc_column][\/vc_row][vc_row][vc_column width=&#8221;1\/2&#8243;][vc_empty_space][vc_empty_space height=&#8221;24px&#8221;][vc_single_image image=&#8221;45645&#8243; img_size=&#8221;627&#215;911&#8243; add_caption=&#8221;yes&#8221; alignment=&#8221;center&#8221;][vc_empty_space height=&#8221;24px&#8221;][vc_empty_space height=&#8221;24px&#8221;][vc_single_image image=&#8221;45648&#8243; img_size=&#8221;3800&#215;1808&#8243; add_caption=&#8221;yes&#8221; alignment=&#8221;center&#8221;][\/vc_column][vc_column width=&#8221;1\/2&#8243;][vc_empty_space height=&#8221;24px&#8221;][vc_empty_space height=&#8221;24px&#8221;][vc_single_image image=&#8221;45651&#8243; img_size=&#8221;1238&#215;2332&#8243; add_caption=&#8221;yes&#8221; alignment=&#8221;center&#8221;][\/vc_column][\/vc_row][vc_row][vc_column][vc_empty_space][vc_separator][vc_empty_space][\/vc_column][\/vc_row][vc_row][vc_column][vc_column_text]<\/p>\n<div class=\"page\" title=\"Page 44\">\n<div class=\"section\">\n<div class=\"layoutArea\">\n<div class=\"column\">\n<div class=\"page\" title=\"Page 39\">\n<div class=\"section\">\n<div class=\"layoutArea\">\n<div class=\"column\">\n<div class=\"page\" title=\"Page 49\">\n<div class=\"section\">\n<div class=\"layoutArea\">\n<div class=\"column\">\n<h2 style=\"text-align: center;\">Je parlais de la bougie de La Tour, pour dire qu&#8217;il n&#8217;y a pas qu&#8217;une seule lumi\u00e8re, il y a des dizaines et des centaines de lumi\u00e8res. La lumi\u00e8re et le feu servent une id\u00e9e. [&#8230;] L&#8217;aspect acoustique et de chaleur sert \u00e0 affirmer cette sortie vers l&#8217;ext\u00e9rieur, du mur vers le spectateur [\u2026].<\/h2>\n<\/div>\n<\/div>\n<\/div>\n<\/div>\n<\/div>\n<\/div>\n<\/div>\n<\/div>\n<\/div>\n<\/div>\n<\/div>\n<\/div>\n<p>[\/vc_column_text][vc_empty_space height=&#8221;24px&#8221;][\/vc_column][\/vc_row][vc_row][vc_column][vc_empty_space][vc_column_text]<\/p>\n<div class=\"page\" title=\"Page 44\">\n<div class=\"section\">\n<div class=\"layoutArea\">\n<div class=\"column\">\n<div class=\"page\" title=\"Page 39\">\n<div class=\"section\">\n<div class=\"layoutArea\">\n<div class=\"page\" title=\"Page 49\">\n<div class=\"section\">\n<div class=\"layoutArea\">\n<div class=\"column\">\n<div>\n<h5 style=\"text-align: center;\">L\u2019Epos contemporaneo, Jannis Kounellis en conversation avec Germano Celant dans Kounellis, catalogue d&#8217;exposition (Milano, Padiglione d\u2019Arte Contemporanea,<br \/>\n10 avril-31 mai 1992), Fabbri Editori, Milan 1992<\/h5>\n<\/div>\n<\/div>\n<\/div>\n<\/div>\n<\/div>\n<\/div>\n<\/div>\n<\/div>\n<\/div>\n<\/div>\n<\/div>\n<\/div>\n<p>[\/vc_column_text][\/vc_column][\/vc_row][vc_row][vc_column][vc_empty_space][vc_separator][vc_empty_space][\/vc_column][\/vc_row][vc_row][vc_column][vc_column_text]&#8221;Le probl\u00e8me du feu est un probl\u00e8me particulier&#8221;, d\u00e9clare Jannis Kounellis. &#8220;Mon int\u00e9r\u00eat pour cet \u00e9l\u00e9ment r\u00e9side non seulement dans le feu en tant que probl\u00e8me, mais aussi dans sa pr\u00e9sence dans les l\u00e9gendes m\u00e9di\u00e9vales. Dans celles-ci, le feu est identifi\u00e9 \u00e0 la punition et \u00e0 la purification.&#8221;<\/p>\n<p>Kounellis s&#8217;est \u00e9loign\u00e9 de la peinture aux alentours de 1965 et, \u00e0 partir de 1967, ann\u00e9e de la &#8220;Margarita di fuoco&#8221;, le ph\u00e9nom\u00e8ne de la combustion a commenc\u00e9 \u00e0 appara\u00eetre fr\u00e9quemment dans l&#8217;\u0153uvre de l&#8217;artiste. Dans cette \u0153uvre, Kounellis compare la nature et la culture en laissant visible le chalumeau qu&#8217;il a utilis\u00e9 pour couper les feuilles de m\u00e9tal, rempla\u00e7ant ainsi la vie organique de la fleur par le feu, qui est l&#8217;image de son renouvellement. Le feu pour Kounellis est un \u00e9l\u00e9ment b\u00e9n\u00e9fique au potentiel alchimique, de la flamme mystique de ses premi\u00e8res \u0153uvres \u00e0 la suie des derni\u00e8res ann\u00e9es.[\/vc_column_text][\/vc_column][\/vc_row][vc_row][vc_column][vc_empty_space][vc_separator][vc_empty_space][\/vc_column][\/vc_row][vc_row][vc_column width=&#8221;1\/2&#8243;][vc_single_image image=&#8221;47085&#8243; img_size=&#8221;large&#8221;][\/vc_column][vc_column width=&#8221;1\/2&#8243;][vc_column_text]<\/p>\n<div class=\"page\" title=\"Page 69\">\n<div class=\"section\">\n<div class=\"layoutArea\">\n<div class=\"column\">\n<div class=\"page\" title=\"Page 67\">\n<div class=\"section\">\n<div class=\"layoutArea\">\n<div class=\"column\">\n<div class=\"page\" title=\"Page 71\">\n<div class=\"section\">\n<div class=\"layoutArea\">\n<div class=\"column\">\n<p>Kounellis est n\u00e9 au Pir\u00e9e en 1936, mais s&#8217;est install\u00e9 \u00e0 Rome en 1956 o\u00f9 il fr\u00e9quente l&#8217;Acad\u00e9mie des Beaux-Arts et organise ses premi\u00e8res expositions. D\u00e8s le d\u00e9but, il manifeste un fort d\u00e9sir de s&#8217;\u00e9loigner de la p\u00e9riode artistique &#8220;informelle&#8221; et du style d&#8217;apr\u00e8s-guerre pour \u00e9tablir un nouveau code visuel combinant l&#8217;archa\u00efque, le classique et le contemporain dans une dialectique fondamentale qui a conduit \u00e0 la fondation de son \u0153uvre. C&#8217;est dans ce cadre qu&#8217;il cr\u00e9e, au milieu des ann\u00e9es 1960, une s\u00e9rie d&#8217;\u0153uvres &#8220;sans titre&#8221; dans lesquelles les mat\u00e9riaux vivants r\u00e9v\u00e8lent leur couleur, leur forme et leur couleur. dans lesquelles des mat\u00e9riaux vivants r\u00e9v\u00e8lent leur couleur, leur poids et leur forme sur des structures de support rigides.<\/p>\n<p>En 1969, poussant \u00e0 l&#8217;extr\u00eame son nouveau proc\u00e9d\u00e9 linguistique, il expose douze chevaux vivants dispos\u00e9s le long des murs de la galerie L&#8217;Attico \u00e0 Rome. La m\u00eame ann\u00e9e, il expose une s\u00e9rie de petites flammes de gaz plac\u00e9es \u00e0 hauteur de l&#8217;\u0153il du spectateur afin de capter non seulement la luminosit\u00e9 et la couleur, mais aussi le son et l&#8217;odeur.<\/p>\n<p>Apr\u00e8s avoir contribu\u00e9 \u00e0 la naissance et \u00e0 l&#8217;identit\u00e9 du mouvement &#8220;Arte Povera&#8221;, Jannis Kounellis, dans ses derni\u00e8res ann\u00e9es, a d\u00e9fini avec une acuit\u00e9 d\u00e9cisive le croisement et la corr\u00e9lation avec la tradition et l&#8217;epos du peuple, en abordant les probl\u00e8mes relatifs \u00e0 la centralit\u00e9 de l&#8217;artiste et au r\u00f4le civil de l&#8217;art dans la soci\u00e9t\u00e9 contemporaine, \u00e0 l&#8217;aide d&#8217;exemples formalis\u00e9s qui, tant\u00f4t impr\u00e9gn\u00e9s d&#8217;un fort lyrisme, tant\u00f4t d&#8217;une gravit\u00e9 solennelle, retracent l&#8217;histoire du classicisme, jusqu&#8217;aux c\u00e9l\u00e8bres mouvements d&#8217;avant-garde du 20e si\u00e8cle. les c\u00e9l\u00e8bres mouvements d&#8217;avant-garde du XXe si\u00e8cle, puis la modernit\u00e9.<\/p>\n<p>Les \u0153uvres de Jannis Kounellis ont \u00e9t\u00e9 expos\u00e9es dans le monde entier (Paris, Bordeaux, Amsterdam, Berne, Eindhoven, Berlin, Chicago, Barcelone, Madrid, Buenos Aires, Sarajevo, Naples, Milan, Venise, P\u00e9kin, Moscou, Ath\u00e8nes, Le Pir\u00e9e, Londres et Oxford, pour ne citer que quelques villes o\u00f9 il a tenu des expositions). Ses \u0153uvres ont \u00e9t\u00e9 pr\u00e9sent\u00e9es lors de sept \u00e9ditions de la Biennale de Venise \u00e0 partir de 1972.<\/p>\n<p>Ses \u0153uvres ont \u00e9galement \u00e9t\u00e9 pr\u00e9sent\u00e9es \u00e0 la Documenta de Kassel en 1972 et 1982, et font partie d&#8217;importantes collections publiques comme la Tate Modern de Londres, le Centre Pompidou de Paris, le MoMA et le Guggenheim de New York, le Museum of Modern Art de San Francisco et le Walker Art Center de Minneapolis.<\/p>\n<\/div>\n<\/div>\n<\/div>\n<\/div>\n<\/div>\n<\/div>\n<\/div>\n<\/div>\n<\/div>\n<\/div>\n<\/div>\n<\/div>\n<p>[\/vc_column_text][\/vc_column][\/vc_row]<\/p>\n<\/div>","protected":false},"excerpt":{"rendered":"<p>[vc_row][vc_column][vc_column_text] &lt;&lt; retour au menu [\/vc_column_text][\/vc_column][\/vc_row][vc_row][vc_column][vc_video link=&#8221;https:\/\/vimeo.com\/699735467&#8243;][vc_separator][vc_empty_space][vc_separator][vc_column_text] Vues d&#8217;exposition [\/vc_column_text][vc_gallery interval=&#8221;3&#8243; images=&#8221;47076,47079,47082&#8243; img_size=&#8221;full&#8221;][vc_column_text] Oeuvres expos\u00e9es [\/vc_column_text][\/vc_column][\/vc_row][vc_row][vc_column width=&#8221;1\/2&#8243;][vc_empty_space][vc_empty_space height=&#8221;24px&#8221;][vc_single_image image=&#8221;45645&#8243; img_size=&#8221;627&#215;911&#8243; add_caption=&#8221;yes&#8221; alignment=&#8221;center&#8221;][vc_empty_space height=&#8221;24px&#8221;][vc_empty_space height=&#8221;24px&#8221;][vc_single_image image=&#8221;45648&#8243; img_size=&#8221;3800&#215;1808&#8243;<\/p>\n","protected":false},"author":5,"featured_media":45311,"comment_status":"closed","ping_status":"open","sticky":false,"template":"","format":"standard","meta":{"_acf_changed":false,"footnotes":""},"categories":[295,1],"tags":[],"class_list":["post-45623","post","type-post","status-publish","format-standard","has-post-thumbnail","hentry","category-295","category-news"],"acf":[],"yoast_head":"<!-- This site is optimized with the Yoast SEO plugin v27.4 - https:\/\/yoast.com\/product\/yoast-seo-wordpress\/ -->\n<title>Jannis Kounellis - On Fire - Tornabuoni Art<\/title>\n<meta name=\"robots\" content=\"index, follow, max-snippet:-1, max-image-preview:large, max-video-preview:-1\" \/>\n<link rel=\"canonical\" href=\"https:\/\/www.tornabuoniart.com\/fr\/jannis-kounellis-on-fire\/\" \/>\n<meta property=\"og:locale\" content=\"fr_FR\" \/>\n<meta property=\"og:type\" content=\"article\" \/>\n<meta property=\"og:title\" content=\"Jannis Kounellis - On Fire - Tornabuoni Art\" \/>\n<meta property=\"og:description\" content=\"[vc_row][vc_column][vc_column_text] &lt;&lt; retour au menu [\/vc_column_text][\/vc_column][\/vc_row][vc_row][vc_column][vc_video link=&#8221;https:\/\/vimeo.com\/699735467&#8243;][vc_separator][vc_empty_space][vc_separator][vc_column_text] Vues d&#8217;exposition [\/vc_column_text][vc_gallery interval=&#8221;3&#8243; images=&#8221;47076,47079,47082&#8243; img_size=&#8221;full&#8221;][vc_column_text] Oeuvres expos\u00e9es [\/vc_column_text][\/vc_column][\/vc_row][vc_row][vc_column width=&#8221;1\/2&#8243;][vc_empty_space][vc_empty_space height=&#8221;24px&#8221;][vc_single_image image=&#8221;45645&#8243; img_size=&#8221;627&#215;911&#8243; add_caption=&#8221;yes&#8221; alignment=&#8221;center&#8221;][vc_empty_space height=&#8221;24px&#8221;][vc_empty_space height=&#8221;24px&#8221;][vc_single_image image=&#8221;45648&#8243; img_size=&#8221;3800&#215;1808&#8243;\" \/>\n<meta property=\"og:url\" content=\"https:\/\/www.tornabuoniart.com\/fr\/jannis-kounellis-on-fire\/\" \/>\n<meta property=\"og:site_name\" content=\"Tornabuoni Art\" \/>\n<meta property=\"article:publisher\" content=\"https:\/\/www.facebook.com\/TornabuoniArt\/\" \/>\n<meta property=\"article:published_time\" content=\"2022-04-09T15:55:03+00:00\" \/>\n<meta property=\"article:modified_time\" content=\"2022-05-06T14:17:08+00:00\" \/>\n<meta property=\"og:image\" content=\"https:\/\/www.tornabuoniart.com\/wp-content\/uploads\/2022\/03\/vignettes2-scaled.jpg\" \/>\n\t<meta property=\"og:image:width\" content=\"2041\" \/>\n\t<meta property=\"og:image:height\" content=\"2560\" \/>\n\t<meta property=\"og:image:type\" content=\"image\/jpeg\" \/>\n<meta name=\"author\" content=\"TornabuoniArte Paris\" \/>\n<meta name=\"twitter:card\" content=\"summary_large_image\" \/>\n<meta name=\"twitter:creator\" content=\"@TornabuoniArt\" \/>\n<meta name=\"twitter:site\" content=\"@TornabuoniArt\" \/>\n<meta name=\"twitter:label1\" content=\"Written by\" \/>\n\t<meta name=\"twitter:data1\" content=\"TornabuoniArte Paris\" \/>\n\t<meta name=\"twitter:label2\" content=\"Est. reading time\" \/>\n\t<meta name=\"twitter:data2\" content=\"4 minutes\" \/>\n<script type=\"application\/ld+json\" class=\"yoast-schema-graph\">{\"@context\":\"https:\\\/\\\/schema.org\",\"@graph\":[{\"@type\":\"Article\",\"@id\":\"https:\\\/\\\/www.tornabuoniart.com\\\/fr\\\/jannis-kounellis-on-fire\\\/#article\",\"isPartOf\":{\"@id\":\"https:\\\/\\\/www.tornabuoniart.com\\\/fr\\\/jannis-kounellis-on-fire\\\/\"},\"author\":{\"name\":\"TornabuoniArte Paris\",\"@id\":\"https:\\\/\\\/www.tornabuoniart.com\\\/en\\\/#\\\/schema\\\/person\\\/e3a3961876c55fe7985792c5c806fff0\"},\"headline\":\"Jannis Kounellis &#8211; On Fire\",\"datePublished\":\"2022-04-09T15:55:03+00:00\",\"dateModified\":\"2022-05-06T14:17:08+00:00\",\"mainEntityOfPage\":{\"@id\":\"https:\\\/\\\/www.tornabuoniart.com\\\/fr\\\/jannis-kounellis-on-fire\\\/\"},\"wordCount\":982,\"publisher\":{\"@id\":\"https:\\\/\\\/www.tornabuoniart.com\\\/en\\\/#organization\"},\"image\":{\"@id\":\"https:\\\/\\\/www.tornabuoniart.com\\\/fr\\\/jannis-kounellis-on-fire\\\/#primaryimage\"},\"thumbnailUrl\":\"https:\\\/\\\/www.tornabuoniart.com\\\/wp-content\\\/uploads\\\/2022\\\/03\\\/vignettes2-scaled.jpg\",\"articleSection\":[\"2022\",\"News\"],\"inLanguage\":\"fr-FR\"},{\"@type\":\"WebPage\",\"@id\":\"https:\\\/\\\/www.tornabuoniart.com\\\/fr\\\/jannis-kounellis-on-fire\\\/\",\"url\":\"https:\\\/\\\/www.tornabuoniart.com\\\/fr\\\/jannis-kounellis-on-fire\\\/\",\"name\":\"Jannis Kounellis - On Fire - Tornabuoni Art\",\"isPartOf\":{\"@id\":\"https:\\\/\\\/www.tornabuoniart.com\\\/en\\\/#website\"},\"primaryImageOfPage\":{\"@id\":\"https:\\\/\\\/www.tornabuoniart.com\\\/fr\\\/jannis-kounellis-on-fire\\\/#primaryimage\"},\"image\":{\"@id\":\"https:\\\/\\\/www.tornabuoniart.com\\\/fr\\\/jannis-kounellis-on-fire\\\/#primaryimage\"},\"thumbnailUrl\":\"https:\\\/\\\/www.tornabuoniart.com\\\/wp-content\\\/uploads\\\/2022\\\/03\\\/vignettes2-scaled.jpg\",\"datePublished\":\"2022-04-09T15:55:03+00:00\",\"dateModified\":\"2022-05-06T14:17:08+00:00\",\"breadcrumb\":{\"@id\":\"https:\\\/\\\/www.tornabuoniart.com\\\/fr\\\/jannis-kounellis-on-fire\\\/#breadcrumb\"},\"inLanguage\":\"fr-FR\",\"potentialAction\":[{\"@type\":\"ReadAction\",\"target\":[\"https:\\\/\\\/www.tornabuoniart.com\\\/fr\\\/jannis-kounellis-on-fire\\\/\"]}]},{\"@type\":\"ImageObject\",\"inLanguage\":\"fr-FR\",\"@id\":\"https:\\\/\\\/www.tornabuoniart.com\\\/fr\\\/jannis-kounellis-on-fire\\\/#primaryimage\",\"url\":\"https:\\\/\\\/www.tornabuoniart.com\\\/wp-content\\\/uploads\\\/2022\\\/03\\\/vignettes2-scaled.jpg\",\"contentUrl\":\"https:\\\/\\\/www.tornabuoniart.com\\\/wp-content\\\/uploads\\\/2022\\\/03\\\/vignettes2-scaled.jpg\",\"width\":2041,\"height\":2560},{\"@type\":\"BreadcrumbList\",\"@id\":\"https:\\\/\\\/www.tornabuoniart.com\\\/fr\\\/jannis-kounellis-on-fire\\\/#breadcrumb\",\"itemListElement\":[{\"@type\":\"ListItem\",\"position\":1,\"name\":\"Home\",\"item\":\"https:\\\/\\\/www.tornabuoniart.com\\\/fr\\\/\"},{\"@type\":\"ListItem\",\"position\":2,\"name\":\"Jannis Kounellis &#8211; On Fire\"}]},{\"@type\":\"WebSite\",\"@id\":\"https:\\\/\\\/www.tornabuoniart.com\\\/en\\\/#website\",\"url\":\"https:\\\/\\\/www.tornabuoniart.com\\\/en\\\/\",\"name\":\"Tornabuoni Art\",\"description\":\"Modern &amp; Contemporary Art Gallery\",\"publisher\":{\"@id\":\"https:\\\/\\\/www.tornabuoniart.com\\\/en\\\/#organization\"},\"potentialAction\":[{\"@type\":\"SearchAction\",\"target\":{\"@type\":\"EntryPoint\",\"urlTemplate\":\"https:\\\/\\\/www.tornabuoniart.com\\\/en\\\/?s={search_term_string}\"},\"query-input\":{\"@type\":\"PropertyValueSpecification\",\"valueRequired\":true,\"valueName\":\"search_term_string\"}}],\"inLanguage\":\"fr-FR\"},{\"@type\":\"Organization\",\"@id\":\"https:\\\/\\\/www.tornabuoniart.com\\\/en\\\/#organization\",\"name\":\"Tornabuoni Art\",\"url\":\"https:\\\/\\\/www.tornabuoniart.com\\\/en\\\/\",\"logo\":{\"@type\":\"ImageObject\",\"inLanguage\":\"fr-FR\",\"@id\":\"https:\\\/\\\/www.tornabuoniart.com\\\/en\\\/#\\\/schema\\\/logo\\\/image\\\/\",\"url\":\"http:\\\/\\\/www.tornabuoniart.com\\\/wp-content\\\/uploads\\\/2019\\\/04\\\/logo_tornabuoni-art2-2-grey.png\",\"contentUrl\":\"http:\\\/\\\/www.tornabuoniart.com\\\/wp-content\\\/uploads\\\/2019\\\/04\\\/logo_tornabuoni-art2-2-grey.png\",\"width\":961,\"height\":136,\"caption\":\"Tornabuoni Art\"},\"image\":{\"@id\":\"https:\\\/\\\/www.tornabuoniart.com\\\/en\\\/#\\\/schema\\\/logo\\\/image\\\/\"},\"sameAs\":[\"https:\\\/\\\/www.facebook.com\\\/TornabuoniArt\\\/\",\"https:\\\/\\\/x.com\\\/TornabuoniArt\",\"https:\\\/\\\/www.instagram.com\\\/tornabuoniart\\\/\"]},{\"@type\":\"Person\",\"@id\":\"https:\\\/\\\/www.tornabuoniart.com\\\/en\\\/#\\\/schema\\\/person\\\/e3a3961876c55fe7985792c5c806fff0\",\"name\":\"TornabuoniArte Paris\",\"image\":{\"@type\":\"ImageObject\",\"inLanguage\":\"fr-FR\",\"@id\":\"https:\\\/\\\/secure.gravatar.com\\\/avatar\\\/2bc2bba47aee0dad7617f047f148e7f6d09795b36f82a9708d50a1e02175ba49?s=96&d=mm&r=g\",\"url\":\"https:\\\/\\\/secure.gravatar.com\\\/avatar\\\/2bc2bba47aee0dad7617f047f148e7f6d09795b36f82a9708d50a1e02175ba49?s=96&d=mm&r=g\",\"contentUrl\":\"https:\\\/\\\/secure.gravatar.com\\\/avatar\\\/2bc2bba47aee0dad7617f047f148e7f6d09795b36f82a9708d50a1e02175ba49?s=96&d=mm&r=g\",\"caption\":\"TornabuoniArte Paris\"},\"url\":\"https:\\\/\\\/www.tornabuoniart.com\\\/fr\\\/author\\\/tornabuoniartparis\\\/\"}]}<\/script>\n<!-- \/ Yoast SEO plugin. -->","yoast_head_json":{"title":"Jannis Kounellis - On Fire - Tornabuoni Art","robots":{"index":"index","follow":"follow","max-snippet":"max-snippet:-1","max-image-preview":"max-image-preview:large","max-video-preview":"max-video-preview:-1"},"canonical":"https:\/\/www.tornabuoniart.com\/fr\/jannis-kounellis-on-fire\/","og_locale":"fr_FR","og_type":"article","og_title":"Jannis Kounellis - On Fire - Tornabuoni Art","og_description":"[vc_row][vc_column][vc_column_text] &lt;&lt; retour au menu [\/vc_column_text][\/vc_column][\/vc_row][vc_row][vc_column][vc_video link=&#8221;https:\/\/vimeo.com\/699735467&#8243;][vc_separator][vc_empty_space][vc_separator][vc_column_text] Vues d&#8217;exposition [\/vc_column_text][vc_gallery interval=&#8221;3&#8243; images=&#8221;47076,47079,47082&#8243; img_size=&#8221;full&#8221;][vc_column_text] Oeuvres expos\u00e9es [\/vc_column_text][\/vc_column][\/vc_row][vc_row][vc_column width=&#8221;1\/2&#8243;][vc_empty_space][vc_empty_space height=&#8221;24px&#8221;][vc_single_image image=&#8221;45645&#8243; img_size=&#8221;627&#215;911&#8243; add_caption=&#8221;yes&#8221; alignment=&#8221;center&#8221;][vc_empty_space height=&#8221;24px&#8221;][vc_empty_space height=&#8221;24px&#8221;][vc_single_image image=&#8221;45648&#8243; img_size=&#8221;3800&#215;1808&#8243;","og_url":"https:\/\/www.tornabuoniart.com\/fr\/jannis-kounellis-on-fire\/","og_site_name":"Tornabuoni Art","article_publisher":"https:\/\/www.facebook.com\/TornabuoniArt\/","article_published_time":"2022-04-09T15:55:03+00:00","article_modified_time":"2022-05-06T14:17:08+00:00","og_image":[{"width":2041,"height":2560,"url":"https:\/\/www.tornabuoniart.com\/wp-content\/uploads\/2022\/03\/vignettes2-scaled.jpg","type":"image\/jpeg"}],"author":"TornabuoniArte Paris","twitter_card":"summary_large_image","twitter_creator":"@TornabuoniArt","twitter_site":"@TornabuoniArt","twitter_misc":{"Written by":"TornabuoniArte Paris","Est. reading time":"4 minutes"},"schema":{"@context":"https:\/\/schema.org","@graph":[{"@type":"Article","@id":"https:\/\/www.tornabuoniart.com\/fr\/jannis-kounellis-on-fire\/#article","isPartOf":{"@id":"https:\/\/www.tornabuoniart.com\/fr\/jannis-kounellis-on-fire\/"},"author":{"name":"TornabuoniArte Paris","@id":"https:\/\/www.tornabuoniart.com\/en\/#\/schema\/person\/e3a3961876c55fe7985792c5c806fff0"},"headline":"Jannis Kounellis &#8211; On Fire","datePublished":"2022-04-09T15:55:03+00:00","dateModified":"2022-05-06T14:17:08+00:00","mainEntityOfPage":{"@id":"https:\/\/www.tornabuoniart.com\/fr\/jannis-kounellis-on-fire\/"},"wordCount":982,"publisher":{"@id":"https:\/\/www.tornabuoniart.com\/en\/#organization"},"image":{"@id":"https:\/\/www.tornabuoniart.com\/fr\/jannis-kounellis-on-fire\/#primaryimage"},"thumbnailUrl":"https:\/\/www.tornabuoniart.com\/wp-content\/uploads\/2022\/03\/vignettes2-scaled.jpg","articleSection":["2022","News"],"inLanguage":"fr-FR"},{"@type":"WebPage","@id":"https:\/\/www.tornabuoniart.com\/fr\/jannis-kounellis-on-fire\/","url":"https:\/\/www.tornabuoniart.com\/fr\/jannis-kounellis-on-fire\/","name":"Jannis Kounellis - On Fire - Tornabuoni Art","isPartOf":{"@id":"https:\/\/www.tornabuoniart.com\/en\/#website"},"primaryImageOfPage":{"@id":"https:\/\/www.tornabuoniart.com\/fr\/jannis-kounellis-on-fire\/#primaryimage"},"image":{"@id":"https:\/\/www.tornabuoniart.com\/fr\/jannis-kounellis-on-fire\/#primaryimage"},"thumbnailUrl":"https:\/\/www.tornabuoniart.com\/wp-content\/uploads\/2022\/03\/vignettes2-scaled.jpg","datePublished":"2022-04-09T15:55:03+00:00","dateModified":"2022-05-06T14:17:08+00:00","breadcrumb":{"@id":"https:\/\/www.tornabuoniart.com\/fr\/jannis-kounellis-on-fire\/#breadcrumb"},"inLanguage":"fr-FR","potentialAction":[{"@type":"ReadAction","target":["https:\/\/www.tornabuoniart.com\/fr\/jannis-kounellis-on-fire\/"]}]},{"@type":"ImageObject","inLanguage":"fr-FR","@id":"https:\/\/www.tornabuoniart.com\/fr\/jannis-kounellis-on-fire\/#primaryimage","url":"https:\/\/www.tornabuoniart.com\/wp-content\/uploads\/2022\/03\/vignettes2-scaled.jpg","contentUrl":"https:\/\/www.tornabuoniart.com\/wp-content\/uploads\/2022\/03\/vignettes2-scaled.jpg","width":2041,"height":2560},{"@type":"BreadcrumbList","@id":"https:\/\/www.tornabuoniart.com\/fr\/jannis-kounellis-on-fire\/#breadcrumb","itemListElement":[{"@type":"ListItem","position":1,"name":"Home","item":"https:\/\/www.tornabuoniart.com\/fr\/"},{"@type":"ListItem","position":2,"name":"Jannis Kounellis &#8211; On Fire"}]},{"@type":"WebSite","@id":"https:\/\/www.tornabuoniart.com\/en\/#website","url":"https:\/\/www.tornabuoniart.com\/en\/","name":"Tornabuoni Art","description":"Modern &amp; Contemporary Art Gallery","publisher":{"@id":"https:\/\/www.tornabuoniart.com\/en\/#organization"},"potentialAction":[{"@type":"SearchAction","target":{"@type":"EntryPoint","urlTemplate":"https:\/\/www.tornabuoniart.com\/en\/?s={search_term_string}"},"query-input":{"@type":"PropertyValueSpecification","valueRequired":true,"valueName":"search_term_string"}}],"inLanguage":"fr-FR"},{"@type":"Organization","@id":"https:\/\/www.tornabuoniart.com\/en\/#organization","name":"Tornabuoni Art","url":"https:\/\/www.tornabuoniart.com\/en\/","logo":{"@type":"ImageObject","inLanguage":"fr-FR","@id":"https:\/\/www.tornabuoniart.com\/en\/#\/schema\/logo\/image\/","url":"http:\/\/www.tornabuoniart.com\/wp-content\/uploads\/2019\/04\/logo_tornabuoni-art2-2-grey.png","contentUrl":"http:\/\/www.tornabuoniart.com\/wp-content\/uploads\/2019\/04\/logo_tornabuoni-art2-2-grey.png","width":961,"height":136,"caption":"Tornabuoni Art"},"image":{"@id":"https:\/\/www.tornabuoniart.com\/en\/#\/schema\/logo\/image\/"},"sameAs":["https:\/\/www.facebook.com\/TornabuoniArt\/","https:\/\/x.com\/TornabuoniArt","https:\/\/www.instagram.com\/tornabuoniart\/"]},{"@type":"Person","@id":"https:\/\/www.tornabuoniart.com\/en\/#\/schema\/person\/e3a3961876c55fe7985792c5c806fff0","name":"TornabuoniArte Paris","image":{"@type":"ImageObject","inLanguage":"fr-FR","@id":"https:\/\/secure.gravatar.com\/avatar\/2bc2bba47aee0dad7617f047f148e7f6d09795b36f82a9708d50a1e02175ba49?s=96&d=mm&r=g","url":"https:\/\/secure.gravatar.com\/avatar\/2bc2bba47aee0dad7617f047f148e7f6d09795b36f82a9708d50a1e02175ba49?s=96&d=mm&r=g","contentUrl":"https:\/\/secure.gravatar.com\/avatar\/2bc2bba47aee0dad7617f047f148e7f6d09795b36f82a9708d50a1e02175ba49?s=96&d=mm&r=g","caption":"TornabuoniArte Paris"},"url":"https:\/\/www.tornabuoniart.com\/fr\/author\/tornabuoniartparis\/"}]}},"_links":{"self":[{"href":"https:\/\/www.tornabuoniart.com\/fr\/wp-json\/wp\/v2\/posts\/45623","targetHints":{"allow":["GET"]}}],"collection":[{"href":"https:\/\/www.tornabuoniart.com\/fr\/wp-json\/wp\/v2\/posts"}],"about":[{"href":"https:\/\/www.tornabuoniart.com\/fr\/wp-json\/wp\/v2\/types\/post"}],"author":[{"embeddable":true,"href":"https:\/\/www.tornabuoniart.com\/fr\/wp-json\/wp\/v2\/users\/5"}],"replies":[{"embeddable":true,"href":"https:\/\/www.tornabuoniart.com\/fr\/wp-json\/wp\/v2\/comments?post=45623"}],"version-history":[{"count":5,"href":"https:\/\/www.tornabuoniart.com\/fr\/wp-json\/wp\/v2\/posts\/45623\/revisions"}],"predecessor-version":[{"id":47092,"href":"https:\/\/www.tornabuoniart.com\/fr\/wp-json\/wp\/v2\/posts\/45623\/revisions\/47092"}],"wp:featuredmedia":[{"embeddable":true,"href":"https:\/\/www.tornabuoniart.com\/fr\/wp-json\/wp\/v2\/media\/45311"}],"wp:attachment":[{"href":"https:\/\/www.tornabuoniart.com\/fr\/wp-json\/wp\/v2\/media?parent=45623"}],"wp:term":[{"taxonomy":"category","embeddable":true,"href":"https:\/\/www.tornabuoniart.com\/fr\/wp-json\/wp\/v2\/categories?post=45623"},{"taxonomy":"post_tag","embeddable":true,"href":"https:\/\/www.tornabuoniart.com\/fr\/wp-json\/wp\/v2\/tags?post=45623"}],"curies":[{"name":"wp","href":"https:\/\/api.w.org\/{rel}","templated":true}]}}