{"id":45582,"date":"2022-04-09T15:43:12","date_gmt":"2022-04-09T14:43:12","guid":{"rendered":"https:\/\/www.tornabuoniart.com\/?p=45582"},"modified":"2022-05-06T15:07:42","modified_gmt":"2022-05-06T14:07:42","slug":"yves-klein-on-fire","status":"publish","type":"post","link":"https:\/\/www.tornabuoniart.com\/fr\/yves-klein-on-fire\/","title":{"rendered":"Yves Klein &#8211; On Fire"},"content":{"rendered":"<div class=\"wpb-content-wrapper\"><p>[vc_row][vc_column][vc_column_text]<\/p>\n<p style=\"text-align: center;\"><span style=\"color: #808080;\"><em><a style=\"color: #808080;\" href=\"https:\/\/tornabuoniart.com\/it\/on-fire\/\">&lt;&lt; retour au menu<\/a><\/em><\/span><\/p>\n<p>[\/vc_column_text][\/vc_column][\/vc_row][vc_row][vc_column][vc_video link=&#8221;https:\/\/vimeo.com\/697694928&#8243;][vc_separator][vc_empty_space][vc_separator][vc_column_text]<\/p>\n<h2 style=\"text-align: left;\">Exhibition views<\/h2>\n<p>[\/vc_column_text][vc_gallery interval=&#8221;3&#8243; images=&#8221;47053,47056,47062&#8243; img_size=&#8221;full&#8221;][vc_column_text]<\/p>\n<h2 style=\"text-align: center;\">Oeuvres expos\u00e9es<\/h2>\n<p>[\/vc_column_text][\/vc_column][\/vc_row][vc_row][vc_column width=&#8221;1\/2&#8243;][vc_empty_space][vc_empty_space height=&#8221;24px&#8221;][vc_single_image image=&#8221;45591&#8243; img_size=&#8221;627&#215;911&#8243; add_caption=&#8221;yes&#8221; alignment=&#8221;center&#8221;][vc_empty_space height=&#8221;24px&#8221;][vc_empty_space height=&#8221;24px&#8221;][vc_single_image image=&#8221;45600&#8243; img_size=&#8221;3783&#215;1819&#8243; add_caption=&#8221;yes&#8221; alignment=&#8221;center&#8221;][\/vc_column][vc_column width=&#8221;1\/2&#8243;][vc_empty_space height=&#8221;24px&#8221;][vc_empty_space height=&#8221;24px&#8221;][vc_single_image image=&#8221;45594&#8243; img_size=&#8221;3800&#215;1808&#8243; add_caption=&#8221;yes&#8221; alignment=&#8221;center&#8221;][vc_empty_space height=&#8221;24px&#8221;][vc_empty_space height=&#8221;24px&#8221;][vc_single_image image=&#8221;45597&#8243; img_size=&#8221;619&#215;1166&#8243; add_caption=&#8221;yes&#8221; alignment=&#8221;center&#8221;][\/vc_column][\/vc_row][vc_row][vc_column][vc_empty_space][vc_separator][vc_empty_space][\/vc_column][\/vc_row][vc_row][vc_column][vc_column_text]<\/p>\n<div class=\"page\" title=\"Page 44\">\n<div class=\"section\">\n<div class=\"layoutArea\">\n<div class=\"column\">\n<div class=\"page\" title=\"Page 39\">\n<div class=\"section\">\n<div class=\"layoutArea\">\n<div class=\"column\">\n<h2 style=\"text-align: center;\">Pour moi, le feu est l&#8217;avenir, sans oublier le pass\u00e9. C&#8217;est la m\u00e9moire de la nature. [&#8230;] C&#8217;est un dieu protecteur et terrible, bon et mauvais. Il peut se contredire : il est donc un des principes de l&#8217;explication universelle. Peut-\u00eatre n&#8217;avons-nous pas encore suffisamment compris que le feu est une entit\u00e9 sociale plut\u00f4t que naturelle, et pour comprendre la validit\u00e9 de cette observation, il n&#8217;est pas n\u00e9cessaire de d\u00e9velopper des consid\u00e9rations sur le r\u00f4le du feu dans les soci\u00e9t\u00e9s primitives, ou d&#8217;insister sur les difficult\u00e9s techniques de l&#8217;entretien d&#8217;un feu.<\/h2>\n<\/div>\n<\/div>\n<\/div>\n<\/div>\n<\/div>\n<\/div>\n<\/div>\n<\/div>\n<p>[\/vc_column_text][vc_empty_space height=&#8221;24px&#8221;][\/vc_column][\/vc_row][vc_row][vc_column width=&#8221;1\/3&#8243;][\/vc_column][vc_column width=&#8221;1\/3&#8243;][vc_empty_space][vc_column_text]<\/p>\n<div class=\"page\" title=\"Page 44\">\n<div class=\"section\">\n<div class=\"layoutArea\">\n<div class=\"column\">\n<div class=\"page\" title=\"Page 39\">\n<div class=\"section\">\n<div class=\"layoutArea\">\n<h5 class=\"column\" style=\"text-align: center;\">Yves Klein, L\u2019e\u0301volution de l\u2019art vers l\u2019immate\u0301riel, conf\u00e9rence \u00e0 la Sorbonne, 3 et 5 juin 1959<\/h5>\n<\/div>\n<\/div>\n<\/div>\n<\/div>\n<\/div>\n<\/div>\n<\/div>\n<p>[\/vc_column_text][\/vc_column][vc_column width=&#8221;1\/3&#8243;][\/vc_column][\/vc_row][vc_row][vc_column][vc_empty_space][vc_separator][vc_empty_space][\/vc_column][\/vc_row][vc_row][vc_column][vc_column_text]<strong>Yves Klein<\/strong>, l&#8217;artiste responsable de l&#8217;ouverture de cette fascinante exposition, a \u00e9t\u00e9 attir\u00e9 par l&#8217;aspect dialectique du feu, symbole \u00e0 la fois du bien et du mal, de la destruction et de la r\u00e9g\u00e9n\u00e9ration, de la vie et de la mort. &#8220;Pour moi, le feu est l&#8217;avenir sans oublier le pass\u00e9. C&#8217;est la m\u00e9moire de la nature. C&#8217;est la douceur, le feu &#8220;est douceur et torture&#8221;. C&#8217;est le foyer et l&#8217;apocalypse. C&#8217;est un plaisir pour l&#8217;enfant qui s&#8217;assoit au coin du feu ; il punit, en revanche, toute d\u00e9sob\u00e9issance lorsqu&#8217;on veut jouer de trop pr\u00e8s avec ses flammes. C&#8217;est le bien-\u00eatre et le respect. C&#8217;est un dieu tut\u00e9laire et terrible, bon et mauvais.&#8221;[\/vc_column_text][\/vc_column][\/vc_row][vc_row][vc_column][vc_empty_space][vc_separator][vc_empty_space][\/vc_column][\/vc_row][vc_row][vc_column width=&#8221;1\/2&#8243;][vc_single_image image=&#8221;47065&#8243; img_size=&#8221;large&#8221;][\/vc_column][vc_column width=&#8221;1\/2&#8243;][vc_column_text]<\/p>\n<div class=\"page\" title=\"Page 69\">\n<div class=\"section\">\n<div class=\"layoutArea\">\n<div class=\"column\">\n<div class=\"page\" title=\"Page 67\">\n<div class=\"section\">\n<div class=\"layoutArea\">\n<div class=\"column\">\n<p>Yves Klein est n\u00e9 le 28 avril 1928 \u00e0 Nice dans une famille d&#8217;artistes : son p\u00e8re Fred Klein est un peintre figuratif, sa m\u00e8re Marie Raymond une peintre abstrait. En 1947, avant de se lancer dans une carri\u00e8re artistique, il commence \u00e0 pratiquer le judo. En 1952, il se rend au Japon pour perfectionner sa technique et devient ceinture noire (quatri\u00e8me dan).<\/p>\n<p>En 1955, il expose des \u0153uvres monochromes de diff\u00e9rentes couleurs au Club des solitaires \u00e0 Paris sous le titre <em>Yves, peintures<\/em>. Il est devenu c\u00e9l\u00e8bre sous le nom d'&#8221;Yves le Monochrome&#8221;.<\/p>\n<p>\u00c0 l&#8217;automne 1956, il inaugure sa &#8220;p\u00e9riode bleue&#8221; en choisissant un bleu outremer existant, tr\u00e8s satur\u00e9, qui, selon Klein, incarne &#8220;l&#8217;expression parfaite du bleu&#8221;.<\/p>\n<p>Les monochromes bleus ne sont toutefois qu&#8217;un aspect de sa production, qui se d\u00e9veloppe \u00e0 l&#8217;aide de diff\u00e9rentes techniques. Dans ses <em>Peintures de feu<\/em>, ainsi que dans les <em>Cosmogonies<\/em> (gravures de vent et de pluie), l&#8217;artiste \u00e9voque les \u00e9l\u00e9ments naturels pour exprimer leur force cr\u00e9atrice. La premi\u00e8re a \u00e9t\u00e9 r\u00e9alis\u00e9e en 1957, dans le jardin de la Galerie Colette Allendy \u00e0 Paris, le jour de l&#8217;inauguration des<em> Propositions monochromes<\/em>. Les Sculptures <em>\u00c9ponges<\/em> sont con\u00e7ues comme des portraits de visiteurs tremp\u00e9s dans des pigments, pour illustrer le concept de transmission de la sensibilit\u00e9 artistique. L&#8217;un des \u00e9l\u00e9ments pr\u00e9f\u00e9r\u00e9s de l&#8217;artiste est l&#8217;or, utilis\u00e9 comme support conduisant \u00e0 l&#8217;absolu.<\/p>\n<p>L&#8217;exposition &#8220;La sp\u00e9cialisation de la sensibilit\u00e9 \u00e0 l&#8217;\u00e9tat de mati\u00e8re premi\u00e8re en sensibilit\u00e9 picturale stabilis\u00e9e&#8221; \u00e0 la Galerie Iris Clert en 1958 (pour laquelle il vide compl\u00e8tement la galerie parisienne), ainsi que la vente des<em> Zones de sensibilit\u00e9 picturale immat\u00e9rielles<\/em> (pay\u00e9es avec de petits lingots d&#8217;or dont la moiti\u00e9 est jet\u00e9e dans la Seine), am\u00e8nent son art \u00e0 s&#8217;ouvrir \u00e0 l&#8217;immat\u00e9riel.<\/p>\n<p>En d\u00e9veloppant ses recherches sur les \u00e9l\u00e9ments fondamentaux (air, eau, feu), Klein d\u00e9finit une &#8220;architecture de l&#8217;air&#8221; et expose ses principes en juin 1959 dans une conf\u00e9rence \u00e0 la Sorbonne. Il est aussi l&#8217;un des pr\u00e9curseurs du happening, gr\u00e2ce \u00e0 la performance publique des <em>anthropom\u00e9tries<\/em>, ou du <em>Saut dans le vide<\/em>. Dans une exposition monographique organis\u00e9e par le mus\u00e9e de Krefeld en 1961, il pr\u00e9sente de nouvelles exp\u00e9riences avec le feu comme \u00e9l\u00e9ment figuratif, qu&#8217;il utilise comme m\u00e9dium \u00e0 la surface de toiles en carton su\u00e9doises au Centre d&#8217;essais de Gaz de France la m\u00eame ann\u00e9e.<\/p>\n<p>Le 21 janvier 1962, Klein \u00e9pouse la jeune artiste Rotraut Uecker. Il meurt quelques mois plus tard \u00e0 l&#8217;\u00e2ge de 34 ans, laissant derri\u00e8re lui une \u0153uvre sans limite et audacieuse qui inspire encore des g\u00e9n\u00e9rations d&#8217;artistes et de passionn\u00e9s contemporains.<\/p>\n<\/div>\n<\/div>\n<\/div>\n<\/div>\n<\/div>\n<\/div>\n<\/div>\n<\/div>\n<p>[\/vc_column_text][\/vc_column][\/vc_row]<\/p>\n<\/div>","protected":false},"excerpt":{"rendered":"<p>[vc_row][vc_column][vc_column_text] &lt;&lt; retour au menu [\/vc_column_text][\/vc_column][\/vc_row][vc_row][vc_column][vc_video link=&#8221;https:\/\/vimeo.com\/697694928&#8243;][vc_separator][vc_empty_space][vc_separator][vc_column_text] Exhibition views [\/vc_column_text][vc_gallery interval=&#8221;3&#8243; images=&#8221;47053,47056,47062&#8243; img_size=&#8221;full&#8221;][vc_column_text] Oeuvres expos\u00e9es [\/vc_column_text][\/vc_column][\/vc_row][vc_row][vc_column width=&#8221;1\/2&#8243;][vc_empty_space][vc_empty_space height=&#8221;24px&#8221;][vc_single_image image=&#8221;45591&#8243; img_size=&#8221;627&#215;911&#8243; add_caption=&#8221;yes&#8221; alignment=&#8221;center&#8221;][vc_empty_space height=&#8221;24px&#8221;][vc_empty_space height=&#8221;24px&#8221;][vc_single_image image=&#8221;45600&#8243; img_size=&#8221;3783&#215;1819&#8243;<\/p>\n","protected":false},"author":5,"featured_media":45305,"comment_status":"closed","ping_status":"open","sticky":false,"template":"","format":"standard","meta":{"_acf_changed":false,"footnotes":""},"categories":[295,1],"tags":[],"class_list":["post-45582","post","type-post","status-publish","format-standard","has-post-thumbnail","hentry","category-295","category-news"],"acf":[],"yoast_head":"<!-- This site is optimized with the Yoast SEO plugin v27.4 - https:\/\/yoast.com\/product\/yoast-seo-wordpress\/ -->\n<title>Yves Klein - On Fire - Tornabuoni Art<\/title>\n<meta name=\"robots\" content=\"index, follow, max-snippet:-1, max-image-preview:large, max-video-preview:-1\" \/>\n<link rel=\"canonical\" href=\"https:\/\/www.tornabuoniart.com\/fr\/yves-klein-on-fire\/\" \/>\n<meta property=\"og:locale\" content=\"fr_FR\" \/>\n<meta property=\"og:type\" content=\"article\" \/>\n<meta property=\"og:title\" content=\"Yves Klein - On Fire - Tornabuoni Art\" \/>\n<meta property=\"og:description\" content=\"[vc_row][vc_column][vc_column_text] &lt;&lt; retour au menu [\/vc_column_text][\/vc_column][\/vc_row][vc_row][vc_column][vc_video link=&#8221;https:\/\/vimeo.com\/697694928&#8243;][vc_separator][vc_empty_space][vc_separator][vc_column_text] Exhibition views [\/vc_column_text][vc_gallery interval=&#8221;3&#8243; images=&#8221;47053,47056,47062&#8243; img_size=&#8221;full&#8221;][vc_column_text] Oeuvres expos\u00e9es [\/vc_column_text][\/vc_column][\/vc_row][vc_row][vc_column width=&#8221;1\/2&#8243;][vc_empty_space][vc_empty_space height=&#8221;24px&#8221;][vc_single_image image=&#8221;45591&#8243; img_size=&#8221;627&#215;911&#8243; add_caption=&#8221;yes&#8221; alignment=&#8221;center&#8221;][vc_empty_space height=&#8221;24px&#8221;][vc_empty_space height=&#8221;24px&#8221;][vc_single_image image=&#8221;45600&#8243; img_size=&#8221;3783&#215;1819&#8243;\" \/>\n<meta property=\"og:url\" content=\"https:\/\/www.tornabuoniart.com\/fr\/yves-klein-on-fire\/\" \/>\n<meta property=\"og:site_name\" content=\"Tornabuoni Art\" \/>\n<meta property=\"article:publisher\" content=\"https:\/\/www.facebook.com\/TornabuoniArt\/\" \/>\n<meta property=\"article:published_time\" content=\"2022-04-09T14:43:12+00:00\" \/>\n<meta property=\"article:modified_time\" content=\"2022-05-06T14:07:42+00:00\" \/>\n<meta property=\"og:image\" content=\"https:\/\/www.tornabuoniart.com\/wp-content\/uploads\/2022\/03\/vignettes5-scaled.jpg\" \/>\n\t<meta property=\"og:image:width\" content=\"2041\" \/>\n\t<meta property=\"og:image:height\" content=\"2560\" \/>\n\t<meta property=\"og:image:type\" content=\"image\/jpeg\" \/>\n<meta name=\"author\" content=\"TornabuoniArte Paris\" \/>\n<meta name=\"twitter:card\" content=\"summary_large_image\" \/>\n<meta name=\"twitter:creator\" content=\"@TornabuoniArt\" \/>\n<meta name=\"twitter:site\" content=\"@TornabuoniArt\" \/>\n<meta name=\"twitter:label1\" content=\"Written by\" \/>\n\t<meta name=\"twitter:data1\" content=\"TornabuoniArte Paris\" \/>\n\t<meta name=\"twitter:label2\" content=\"Est. reading time\" \/>\n\t<meta name=\"twitter:data2\" content=\"5 minutes\" \/>\n<script type=\"application\/ld+json\" class=\"yoast-schema-graph\">{\"@context\":\"https:\\\/\\\/schema.org\",\"@graph\":[{\"@type\":\"Article\",\"@id\":\"https:\\\/\\\/www.tornabuoniart.com\\\/fr\\\/yves-klein-on-fire\\\/#article\",\"isPartOf\":{\"@id\":\"https:\\\/\\\/www.tornabuoniart.com\\\/fr\\\/yves-klein-on-fire\\\/\"},\"author\":{\"name\":\"TornabuoniArte Paris\",\"@id\":\"https:\\\/\\\/www.tornabuoniart.com\\\/en\\\/#\\\/schema\\\/person\\\/e3a3961876c55fe7985792c5c806fff0\"},\"headline\":\"Yves Klein &#8211; On Fire\",\"datePublished\":\"2022-04-09T14:43:12+00:00\",\"dateModified\":\"2022-05-06T14:07:42+00:00\",\"mainEntityOfPage\":{\"@id\":\"https:\\\/\\\/www.tornabuoniart.com\\\/fr\\\/yves-klein-on-fire\\\/\"},\"wordCount\":1034,\"publisher\":{\"@id\":\"https:\\\/\\\/www.tornabuoniart.com\\\/en\\\/#organization\"},\"image\":{\"@id\":\"https:\\\/\\\/www.tornabuoniart.com\\\/fr\\\/yves-klein-on-fire\\\/#primaryimage\"},\"thumbnailUrl\":\"https:\\\/\\\/www.tornabuoniart.com\\\/wp-content\\\/uploads\\\/2022\\\/03\\\/vignettes5-scaled.jpg\",\"articleSection\":[\"2022\",\"News\"],\"inLanguage\":\"fr-FR\"},{\"@type\":\"WebPage\",\"@id\":\"https:\\\/\\\/www.tornabuoniart.com\\\/fr\\\/yves-klein-on-fire\\\/\",\"url\":\"https:\\\/\\\/www.tornabuoniart.com\\\/fr\\\/yves-klein-on-fire\\\/\",\"name\":\"Yves Klein - On Fire - Tornabuoni Art\",\"isPartOf\":{\"@id\":\"https:\\\/\\\/www.tornabuoniart.com\\\/en\\\/#website\"},\"primaryImageOfPage\":{\"@id\":\"https:\\\/\\\/www.tornabuoniart.com\\\/fr\\\/yves-klein-on-fire\\\/#primaryimage\"},\"image\":{\"@id\":\"https:\\\/\\\/www.tornabuoniart.com\\\/fr\\\/yves-klein-on-fire\\\/#primaryimage\"},\"thumbnailUrl\":\"https:\\\/\\\/www.tornabuoniart.com\\\/wp-content\\\/uploads\\\/2022\\\/03\\\/vignettes5-scaled.jpg\",\"datePublished\":\"2022-04-09T14:43:12+00:00\",\"dateModified\":\"2022-05-06T14:07:42+00:00\",\"breadcrumb\":{\"@id\":\"https:\\\/\\\/www.tornabuoniart.com\\\/fr\\\/yves-klein-on-fire\\\/#breadcrumb\"},\"inLanguage\":\"fr-FR\",\"potentialAction\":[{\"@type\":\"ReadAction\",\"target\":[\"https:\\\/\\\/www.tornabuoniart.com\\\/fr\\\/yves-klein-on-fire\\\/\"]}]},{\"@type\":\"ImageObject\",\"inLanguage\":\"fr-FR\",\"@id\":\"https:\\\/\\\/www.tornabuoniart.com\\\/fr\\\/yves-klein-on-fire\\\/#primaryimage\",\"url\":\"https:\\\/\\\/www.tornabuoniart.com\\\/wp-content\\\/uploads\\\/2022\\\/03\\\/vignettes5-scaled.jpg\",\"contentUrl\":\"https:\\\/\\\/www.tornabuoniart.com\\\/wp-content\\\/uploads\\\/2022\\\/03\\\/vignettes5-scaled.jpg\",\"width\":2041,\"height\":2560},{\"@type\":\"BreadcrumbList\",\"@id\":\"https:\\\/\\\/www.tornabuoniart.com\\\/fr\\\/yves-klein-on-fire\\\/#breadcrumb\",\"itemListElement\":[{\"@type\":\"ListItem\",\"position\":1,\"name\":\"Home\",\"item\":\"https:\\\/\\\/www.tornabuoniart.com\\\/fr\\\/\"},{\"@type\":\"ListItem\",\"position\":2,\"name\":\"Yves Klein &#8211; On Fire\"}]},{\"@type\":\"WebSite\",\"@id\":\"https:\\\/\\\/www.tornabuoniart.com\\\/en\\\/#website\",\"url\":\"https:\\\/\\\/www.tornabuoniart.com\\\/en\\\/\",\"name\":\"Tornabuoni Art\",\"description\":\"Modern &amp; Contemporary Art Gallery\",\"publisher\":{\"@id\":\"https:\\\/\\\/www.tornabuoniart.com\\\/en\\\/#organization\"},\"potentialAction\":[{\"@type\":\"SearchAction\",\"target\":{\"@type\":\"EntryPoint\",\"urlTemplate\":\"https:\\\/\\\/www.tornabuoniart.com\\\/en\\\/?s={search_term_string}\"},\"query-input\":{\"@type\":\"PropertyValueSpecification\",\"valueRequired\":true,\"valueName\":\"search_term_string\"}}],\"inLanguage\":\"fr-FR\"},{\"@type\":\"Organization\",\"@id\":\"https:\\\/\\\/www.tornabuoniart.com\\\/en\\\/#organization\",\"name\":\"Tornabuoni Art\",\"url\":\"https:\\\/\\\/www.tornabuoniart.com\\\/en\\\/\",\"logo\":{\"@type\":\"ImageObject\",\"inLanguage\":\"fr-FR\",\"@id\":\"https:\\\/\\\/www.tornabuoniart.com\\\/en\\\/#\\\/schema\\\/logo\\\/image\\\/\",\"url\":\"http:\\\/\\\/www.tornabuoniart.com\\\/wp-content\\\/uploads\\\/2019\\\/04\\\/logo_tornabuoni-art2-2-grey.png\",\"contentUrl\":\"http:\\\/\\\/www.tornabuoniart.com\\\/wp-content\\\/uploads\\\/2019\\\/04\\\/logo_tornabuoni-art2-2-grey.png\",\"width\":961,\"height\":136,\"caption\":\"Tornabuoni Art\"},\"image\":{\"@id\":\"https:\\\/\\\/www.tornabuoniart.com\\\/en\\\/#\\\/schema\\\/logo\\\/image\\\/\"},\"sameAs\":[\"https:\\\/\\\/www.facebook.com\\\/TornabuoniArt\\\/\",\"https:\\\/\\\/x.com\\\/TornabuoniArt\",\"https:\\\/\\\/www.instagram.com\\\/tornabuoniart\\\/\"]},{\"@type\":\"Person\",\"@id\":\"https:\\\/\\\/www.tornabuoniart.com\\\/en\\\/#\\\/schema\\\/person\\\/e3a3961876c55fe7985792c5c806fff0\",\"name\":\"TornabuoniArte Paris\",\"image\":{\"@type\":\"ImageObject\",\"inLanguage\":\"fr-FR\",\"@id\":\"https:\\\/\\\/secure.gravatar.com\\\/avatar\\\/2bc2bba47aee0dad7617f047f148e7f6d09795b36f82a9708d50a1e02175ba49?s=96&d=mm&r=g\",\"url\":\"https:\\\/\\\/secure.gravatar.com\\\/avatar\\\/2bc2bba47aee0dad7617f047f148e7f6d09795b36f82a9708d50a1e02175ba49?s=96&d=mm&r=g\",\"contentUrl\":\"https:\\\/\\\/secure.gravatar.com\\\/avatar\\\/2bc2bba47aee0dad7617f047f148e7f6d09795b36f82a9708d50a1e02175ba49?s=96&d=mm&r=g\",\"caption\":\"TornabuoniArte Paris\"},\"url\":\"https:\\\/\\\/www.tornabuoniart.com\\\/fr\\\/author\\\/tornabuoniartparis\\\/\"}]}<\/script>\n<!-- \/ Yoast SEO plugin. -->","yoast_head_json":{"title":"Yves Klein - On Fire - Tornabuoni Art","robots":{"index":"index","follow":"follow","max-snippet":"max-snippet:-1","max-image-preview":"max-image-preview:large","max-video-preview":"max-video-preview:-1"},"canonical":"https:\/\/www.tornabuoniart.com\/fr\/yves-klein-on-fire\/","og_locale":"fr_FR","og_type":"article","og_title":"Yves Klein - On Fire - Tornabuoni Art","og_description":"[vc_row][vc_column][vc_column_text] &lt;&lt; retour au menu [\/vc_column_text][\/vc_column][\/vc_row][vc_row][vc_column][vc_video link=&#8221;https:\/\/vimeo.com\/697694928&#8243;][vc_separator][vc_empty_space][vc_separator][vc_column_text] Exhibition views [\/vc_column_text][vc_gallery interval=&#8221;3&#8243; images=&#8221;47053,47056,47062&#8243; img_size=&#8221;full&#8221;][vc_column_text] Oeuvres expos\u00e9es [\/vc_column_text][\/vc_column][\/vc_row][vc_row][vc_column width=&#8221;1\/2&#8243;][vc_empty_space][vc_empty_space height=&#8221;24px&#8221;][vc_single_image image=&#8221;45591&#8243; img_size=&#8221;627&#215;911&#8243; add_caption=&#8221;yes&#8221; alignment=&#8221;center&#8221;][vc_empty_space height=&#8221;24px&#8221;][vc_empty_space height=&#8221;24px&#8221;][vc_single_image image=&#8221;45600&#8243; img_size=&#8221;3783&#215;1819&#8243;","og_url":"https:\/\/www.tornabuoniart.com\/fr\/yves-klein-on-fire\/","og_site_name":"Tornabuoni Art","article_publisher":"https:\/\/www.facebook.com\/TornabuoniArt\/","article_published_time":"2022-04-09T14:43:12+00:00","article_modified_time":"2022-05-06T14:07:42+00:00","og_image":[{"width":2041,"height":2560,"url":"https:\/\/www.tornabuoniart.com\/wp-content\/uploads\/2022\/03\/vignettes5-scaled.jpg","type":"image\/jpeg"}],"author":"TornabuoniArte Paris","twitter_card":"summary_large_image","twitter_creator":"@TornabuoniArt","twitter_site":"@TornabuoniArt","twitter_misc":{"Written by":"TornabuoniArte Paris","Est. reading time":"5 minutes"},"schema":{"@context":"https:\/\/schema.org","@graph":[{"@type":"Article","@id":"https:\/\/www.tornabuoniart.com\/fr\/yves-klein-on-fire\/#article","isPartOf":{"@id":"https:\/\/www.tornabuoniart.com\/fr\/yves-klein-on-fire\/"},"author":{"name":"TornabuoniArte Paris","@id":"https:\/\/www.tornabuoniart.com\/en\/#\/schema\/person\/e3a3961876c55fe7985792c5c806fff0"},"headline":"Yves Klein &#8211; On Fire","datePublished":"2022-04-09T14:43:12+00:00","dateModified":"2022-05-06T14:07:42+00:00","mainEntityOfPage":{"@id":"https:\/\/www.tornabuoniart.com\/fr\/yves-klein-on-fire\/"},"wordCount":1034,"publisher":{"@id":"https:\/\/www.tornabuoniart.com\/en\/#organization"},"image":{"@id":"https:\/\/www.tornabuoniart.com\/fr\/yves-klein-on-fire\/#primaryimage"},"thumbnailUrl":"https:\/\/www.tornabuoniart.com\/wp-content\/uploads\/2022\/03\/vignettes5-scaled.jpg","articleSection":["2022","News"],"inLanguage":"fr-FR"},{"@type":"WebPage","@id":"https:\/\/www.tornabuoniart.com\/fr\/yves-klein-on-fire\/","url":"https:\/\/www.tornabuoniart.com\/fr\/yves-klein-on-fire\/","name":"Yves Klein - On Fire - Tornabuoni Art","isPartOf":{"@id":"https:\/\/www.tornabuoniart.com\/en\/#website"},"primaryImageOfPage":{"@id":"https:\/\/www.tornabuoniart.com\/fr\/yves-klein-on-fire\/#primaryimage"},"image":{"@id":"https:\/\/www.tornabuoniart.com\/fr\/yves-klein-on-fire\/#primaryimage"},"thumbnailUrl":"https:\/\/www.tornabuoniart.com\/wp-content\/uploads\/2022\/03\/vignettes5-scaled.jpg","datePublished":"2022-04-09T14:43:12+00:00","dateModified":"2022-05-06T14:07:42+00:00","breadcrumb":{"@id":"https:\/\/www.tornabuoniart.com\/fr\/yves-klein-on-fire\/#breadcrumb"},"inLanguage":"fr-FR","potentialAction":[{"@type":"ReadAction","target":["https:\/\/www.tornabuoniart.com\/fr\/yves-klein-on-fire\/"]}]},{"@type":"ImageObject","inLanguage":"fr-FR","@id":"https:\/\/www.tornabuoniart.com\/fr\/yves-klein-on-fire\/#primaryimage","url":"https:\/\/www.tornabuoniart.com\/wp-content\/uploads\/2022\/03\/vignettes5-scaled.jpg","contentUrl":"https:\/\/www.tornabuoniart.com\/wp-content\/uploads\/2022\/03\/vignettes5-scaled.jpg","width":2041,"height":2560},{"@type":"BreadcrumbList","@id":"https:\/\/www.tornabuoniart.com\/fr\/yves-klein-on-fire\/#breadcrumb","itemListElement":[{"@type":"ListItem","position":1,"name":"Home","item":"https:\/\/www.tornabuoniart.com\/fr\/"},{"@type":"ListItem","position":2,"name":"Yves Klein &#8211; On Fire"}]},{"@type":"WebSite","@id":"https:\/\/www.tornabuoniart.com\/en\/#website","url":"https:\/\/www.tornabuoniart.com\/en\/","name":"Tornabuoni Art","description":"Modern &amp; Contemporary Art Gallery","publisher":{"@id":"https:\/\/www.tornabuoniart.com\/en\/#organization"},"potentialAction":[{"@type":"SearchAction","target":{"@type":"EntryPoint","urlTemplate":"https:\/\/www.tornabuoniart.com\/en\/?s={search_term_string}"},"query-input":{"@type":"PropertyValueSpecification","valueRequired":true,"valueName":"search_term_string"}}],"inLanguage":"fr-FR"},{"@type":"Organization","@id":"https:\/\/www.tornabuoniart.com\/en\/#organization","name":"Tornabuoni Art","url":"https:\/\/www.tornabuoniart.com\/en\/","logo":{"@type":"ImageObject","inLanguage":"fr-FR","@id":"https:\/\/www.tornabuoniart.com\/en\/#\/schema\/logo\/image\/","url":"http:\/\/www.tornabuoniart.com\/wp-content\/uploads\/2019\/04\/logo_tornabuoni-art2-2-grey.png","contentUrl":"http:\/\/www.tornabuoniart.com\/wp-content\/uploads\/2019\/04\/logo_tornabuoni-art2-2-grey.png","width":961,"height":136,"caption":"Tornabuoni Art"},"image":{"@id":"https:\/\/www.tornabuoniart.com\/en\/#\/schema\/logo\/image\/"},"sameAs":["https:\/\/www.facebook.com\/TornabuoniArt\/","https:\/\/x.com\/TornabuoniArt","https:\/\/www.instagram.com\/tornabuoniart\/"]},{"@type":"Person","@id":"https:\/\/www.tornabuoniart.com\/en\/#\/schema\/person\/e3a3961876c55fe7985792c5c806fff0","name":"TornabuoniArte Paris","image":{"@type":"ImageObject","inLanguage":"fr-FR","@id":"https:\/\/secure.gravatar.com\/avatar\/2bc2bba47aee0dad7617f047f148e7f6d09795b36f82a9708d50a1e02175ba49?s=96&d=mm&r=g","url":"https:\/\/secure.gravatar.com\/avatar\/2bc2bba47aee0dad7617f047f148e7f6d09795b36f82a9708d50a1e02175ba49?s=96&d=mm&r=g","contentUrl":"https:\/\/secure.gravatar.com\/avatar\/2bc2bba47aee0dad7617f047f148e7f6d09795b36f82a9708d50a1e02175ba49?s=96&d=mm&r=g","caption":"TornabuoniArte Paris"},"url":"https:\/\/www.tornabuoniart.com\/fr\/author\/tornabuoniartparis\/"}]}},"_links":{"self":[{"href":"https:\/\/www.tornabuoniart.com\/fr\/wp-json\/wp\/v2\/posts\/45582","targetHints":{"allow":["GET"]}}],"collection":[{"href":"https:\/\/www.tornabuoniart.com\/fr\/wp-json\/wp\/v2\/posts"}],"about":[{"href":"https:\/\/www.tornabuoniart.com\/fr\/wp-json\/wp\/v2\/types\/post"}],"author":[{"embeddable":true,"href":"https:\/\/www.tornabuoniart.com\/fr\/wp-json\/wp\/v2\/users\/5"}],"replies":[{"embeddable":true,"href":"https:\/\/www.tornabuoniart.com\/fr\/wp-json\/wp\/v2\/comments?post=45582"}],"version-history":[{"count":5,"href":"https:\/\/www.tornabuoniart.com\/fr\/wp-json\/wp\/v2\/posts\/45582\/revisions"}],"predecessor-version":[{"id":47072,"href":"https:\/\/www.tornabuoniart.com\/fr\/wp-json\/wp\/v2\/posts\/45582\/revisions\/47072"}],"wp:featuredmedia":[{"embeddable":true,"href":"https:\/\/www.tornabuoniart.com\/fr\/wp-json\/wp\/v2\/media\/45305"}],"wp:attachment":[{"href":"https:\/\/www.tornabuoniart.com\/fr\/wp-json\/wp\/v2\/media?parent=45582"}],"wp:term":[{"taxonomy":"category","embeddable":true,"href":"https:\/\/www.tornabuoniart.com\/fr\/wp-json\/wp\/v2\/categories?post=45582"},{"taxonomy":"post_tag","embeddable":true,"href":"https:\/\/www.tornabuoniart.com\/fr\/wp-json\/wp\/v2\/tags?post=45582"}],"curies":[{"name":"wp","href":"https:\/\/api.w.org\/{rel}","templated":true}]}}