{"id":27199,"date":"2020-09-18T15:22:22","date_gmt":"2020-09-18T14:22:22","guid":{"rendered":"http:\/\/www.tornabuoniart.com\/conference-a-linstitut-culturel-italien-de-paris\/"},"modified":"2020-11-18T16:27:35","modified_gmt":"2020-11-18T15:27:35","slug":"conference-a-linstitut-culturel-italien-de-paris","status":"publish","type":"post","link":"https:\/\/www.tornabuoniart.com\/fr\/conference-a-linstitut-culturel-italien-de-paris\/","title":{"rendered":"PAOLO SCHEGGI, Au del\u00e0 de la toile"},"content":{"rendered":"<div class=\"wpb-content-wrapper\"><p>[vc_row][vc_column][vc_column_text]<\/p>\n<p style=\"text-align: center;\" data-mce-style=\"text-align: center;\"><span style=\"color: #808080;\" data-mce-style=\"color: #808080;\"><em><a style=\"color: #808080;\" href=\"\/it?page_id=8579\" data-mce-href=\"https:\/\/www.tornabuoniart.com\/fr\/news-fr\/\" data-mce-style=\"color: #808080;\">&lt;&lt; retourner aux news<\/a><\/em><\/span><\/p>\n<p>[\/vc_column_text][\/vc_column][\/vc_row][vc_row][vc_column][vc_single_image source=&#8221;featured_image&#8221; img_size=&#8221;full&#8221; alignment=&#8221;center&#8221; onclick=&#8221;link_image&#8221;][\/vc_column][\/vc_row][vc_row][vc_column][vc_column_text]<\/p>\n<p style=\"text-align: center;\"><strong><span class=\"s1\">H\u00f4tel de Galliffet<\/span> \u2013 Paris, France<\/strong><\/p>\n<p style=\"text-align: center;\">1 octobre 2020 \u2013 30 octobre 2020<\/p>\n<p class=\"p1\"><span class=\"s1\">Tornabuoni Art a le plaisir de collaborer \u00e0 la r\u00e9alisation de la premi\u00e8re exposition\u00a0institutionnelle en France de\u00a0Paolo Scheggi\u00a0depuis sa participation en 1967 \u00e0 la Cinqui\u00e8me Biennale de Paris des jeunes artistes au Mus\u00e9e d\u2019Art Moderne de la Ville de Paris. <\/span><\/p>\n<p class=\"p1\"><span class=\"s1\">Cette exposition, dont l\u2019ouverture est pr\u00e9vue pour le 1<\/span><span class=\"s2\"><sup>er<\/sup><\/span><span class=\"s1\">\u00a0octobre 2020, est organis\u00e9e par l\u2019Institut Culturel Italien\u00a0de Paris dans les prestigieux espaces de l&#8217;H\u00f4tel de Galliffet,\u00a0en collaboration avec l&#8217;association Archive Paolo Scheggi et Tornabuoni.<\/span><\/p>\n<p>\u00a9 Image: Paolo Scheggi,\u00a0<em>Zone Riflesse<\/em>, 1965, acrylique sur trois toiles superpos\u00e9es, 60 x 50,5 x 5,5 cm (d\u00e9tail)<\/p>\n<p>[\/vc_column_text][\/vc_column][\/vc_row]<\/p>\n<\/div>","protected":false},"excerpt":{"rendered":"<p>[vc_row][vc_column][vc_column_text] &lt;&lt; retourner aux news [\/vc_column_text][\/vc_column][\/vc_row][vc_row][vc_column][vc_single_image source=&#8221;featured_image&#8221; img_size=&#8221;full&#8221; alignment=&#8221;center&#8221; onclick=&#8221;link_image&#8221;][\/vc_column][\/vc_row][vc_row][vc_column][vc_column_text] H\u00f4tel de Galliffet \u2013 Paris, France 1 octobre 2020 \u2013 30 octobre 2020 Tornabuoni Art a<\/p>\n","protected":false},"author":3,"featured_media":27194,"comment_status":"closed","ping_status":"open","sticky":false,"template":"","format":"standard","meta":{"_acf_changed":false,"footnotes":""},"categories":[260],"tags":[],"class_list":["post-27199","post","type-post","status-publish","format-standard","has-post-thumbnail","hentry","category-2020-fr"],"acf":[],"yoast_head":"<!-- This site is optimized with the Yoast SEO plugin v27.4 - https:\/\/yoast.com\/product\/yoast-seo-wordpress\/ -->\n<title>PAOLO SCHEGGI, Au del\u00e0 de la toile - Tornabuoni Art<\/title>\n<meta name=\"robots\" content=\"index, follow, max-snippet:-1, max-image-preview:large, max-video-preview:-1\" \/>\n<link rel=\"canonical\" href=\"https:\/\/www.tornabuoniart.com\/it\/conferenza-allistituto-italiano-di-cultura-di-parigi\/\" \/>\n<meta property=\"og:locale\" content=\"fr_FR\" \/>\n<meta property=\"og:type\" content=\"article\" \/>\n<meta property=\"og:title\" content=\"PAOLO SCHEGGI, Au del\u00e0 de la toile - Tornabuoni Art\" \/>\n<meta property=\"og:description\" content=\"[vc_row][vc_column][vc_column_text] &lt;&lt; retourner aux news [\/vc_column_text][\/vc_column][\/vc_row][vc_row][vc_column][vc_single_image source=&#8221;featured_image&#8221; img_size=&#8221;full&#8221; alignment=&#8221;center&#8221; onclick=&#8221;link_image&#8221;][\/vc_column][\/vc_row][vc_row][vc_column][vc_column_text] H\u00f4tel de Galliffet \u2013 Paris, France 1 octobre 2020 \u2013 30 octobre 2020 Tornabuoni Art a\" \/>\n<meta property=\"og:url\" content=\"https:\/\/www.tornabuoniart.com\/it\/conferenza-allistituto-italiano-di-cultura-di-parigi\/\" \/>\n<meta property=\"og:site_name\" content=\"Tornabuoni Art\" \/>\n<meta property=\"article:publisher\" content=\"https:\/\/www.facebook.com\/TornabuoniArt\/\" \/>\n<meta property=\"article:published_time\" content=\"2020-09-18T14:22:22+00:00\" \/>\n<meta property=\"article:modified_time\" content=\"2020-11-18T15:27:35+00:00\" \/>\n<meta property=\"og:image\" content=\"https:\/\/www.tornabuoniart.com\/wp-content\/uploads\/2020\/09\/Capture-de\u0301cran-2020-09-18-a\u0300-12.39.41.png\" \/>\n\t<meta property=\"og:image:width\" content=\"529\" \/>\n\t<meta property=\"og:image:height\" content=\"477\" \/>\n\t<meta property=\"og:image:type\" content=\"image\/png\" \/>\n<meta name=\"author\" content=\"Firenze\" \/>\n<meta name=\"twitter:card\" content=\"summary_large_image\" \/>\n<meta name=\"twitter:creator\" content=\"@TornabuoniArt\" \/>\n<meta name=\"twitter:site\" content=\"@TornabuoniArt\" \/>\n<meta name=\"twitter:label1\" content=\"Written by\" \/>\n\t<meta name=\"twitter:data1\" content=\"Firenze\" \/>\n\t<meta name=\"twitter:label2\" content=\"Est. reading time\" \/>\n\t<meta name=\"twitter:data2\" content=\"1 minute\" \/>\n<script type=\"application\/ld+json\" class=\"yoast-schema-graph\">{\"@context\":\"https:\\\/\\\/schema.org\",\"@graph\":[{\"@type\":\"Article\",\"@id\":\"https:\\\/\\\/www.tornabuoniart.com\\\/it\\\/conferenza-allistituto-italiano-di-cultura-di-parigi\\\/#article\",\"isPartOf\":{\"@id\":\"https:\\\/\\\/www.tornabuoniart.com\\\/it\\\/conferenza-allistituto-italiano-di-cultura-di-parigi\\\/\"},\"author\":{\"name\":\"Firenze\",\"@id\":\"https:\\\/\\\/www.tornabuoniart.com\\\/en\\\/#\\\/schema\\\/person\\\/df67e3de137dec2798fe14b939eb7b55\"},\"headline\":\"PAOLO SCHEGGI, Au del\u00e0 de la toile\",\"datePublished\":\"2020-09-18T14:22:22+00:00\",\"dateModified\":\"2020-11-18T15:27:35+00:00\",\"mainEntityOfPage\":{\"@id\":\"https:\\\/\\\/www.tornabuoniart.com\\\/it\\\/conferenza-allistituto-italiano-di-cultura-di-parigi\\\/\"},\"wordCount\":173,\"publisher\":{\"@id\":\"https:\\\/\\\/www.tornabuoniart.com\\\/en\\\/#organization\"},\"image\":{\"@id\":\"https:\\\/\\\/www.tornabuoniart.com\\\/it\\\/conferenza-allistituto-italiano-di-cultura-di-parigi\\\/#primaryimage\"},\"thumbnailUrl\":\"https:\\\/\\\/www.tornabuoniart.com\\\/wp-content\\\/uploads\\\/2020\\\/09\\\/Capture-de\u0301cran-2020-09-18-a\u0300-12.39.41.png\",\"articleSection\":[\"2020\"],\"inLanguage\":\"fr-FR\"},{\"@type\":\"WebPage\",\"@id\":\"https:\\\/\\\/www.tornabuoniart.com\\\/it\\\/conferenza-allistituto-italiano-di-cultura-di-parigi\\\/\",\"url\":\"https:\\\/\\\/www.tornabuoniart.com\\\/it\\\/conferenza-allistituto-italiano-di-cultura-di-parigi\\\/\",\"name\":\"PAOLO SCHEGGI, Au del\u00e0 de la toile - Tornabuoni Art\",\"isPartOf\":{\"@id\":\"https:\\\/\\\/www.tornabuoniart.com\\\/en\\\/#website\"},\"primaryImageOfPage\":{\"@id\":\"https:\\\/\\\/www.tornabuoniart.com\\\/it\\\/conferenza-allistituto-italiano-di-cultura-di-parigi\\\/#primaryimage\"},\"image\":{\"@id\":\"https:\\\/\\\/www.tornabuoniart.com\\\/it\\\/conferenza-allistituto-italiano-di-cultura-di-parigi\\\/#primaryimage\"},\"thumbnailUrl\":\"https:\\\/\\\/www.tornabuoniart.com\\\/wp-content\\\/uploads\\\/2020\\\/09\\\/Capture-de\u0301cran-2020-09-18-a\u0300-12.39.41.png\",\"datePublished\":\"2020-09-18T14:22:22+00:00\",\"dateModified\":\"2020-11-18T15:27:35+00:00\",\"breadcrumb\":{\"@id\":\"https:\\\/\\\/www.tornabuoniart.com\\\/it\\\/conferenza-allistituto-italiano-di-cultura-di-parigi\\\/#breadcrumb\"},\"inLanguage\":\"fr-FR\",\"potentialAction\":[{\"@type\":\"ReadAction\",\"target\":[\"https:\\\/\\\/www.tornabuoniart.com\\\/it\\\/conferenza-allistituto-italiano-di-cultura-di-parigi\\\/\"]}]},{\"@type\":\"ImageObject\",\"inLanguage\":\"fr-FR\",\"@id\":\"https:\\\/\\\/www.tornabuoniart.com\\\/it\\\/conferenza-allistituto-italiano-di-cultura-di-parigi\\\/#primaryimage\",\"url\":\"https:\\\/\\\/www.tornabuoniart.com\\\/wp-content\\\/uploads\\\/2020\\\/09\\\/Capture-de\u0301cran-2020-09-18-a\u0300-12.39.41.png\",\"contentUrl\":\"https:\\\/\\\/www.tornabuoniart.com\\\/wp-content\\\/uploads\\\/2020\\\/09\\\/Capture-de\u0301cran-2020-09-18-a\u0300-12.39.41.png\",\"width\":529,\"height\":477,\"caption\":\"Paolo Scheggi, Zone Riflesse, 1965, acrylique sur trois toiles superpos\u00e9es, 60 x 50,5 x 5,5 cm(d\u00e9tail)\"},{\"@type\":\"BreadcrumbList\",\"@id\":\"https:\\\/\\\/www.tornabuoniart.com\\\/it\\\/conferenza-allistituto-italiano-di-cultura-di-parigi\\\/#breadcrumb\",\"itemListElement\":[{\"@type\":\"ListItem\",\"position\":1,\"name\":\"Home\",\"item\":\"https:\\\/\\\/www.tornabuoniart.com\\\/fr\\\/\"},{\"@type\":\"ListItem\",\"position\":2,\"name\":\"PAOLO SCHEGGI, Au del\u00e0 de la toile\"}]},{\"@type\":\"WebSite\",\"@id\":\"https:\\\/\\\/www.tornabuoniart.com\\\/en\\\/#website\",\"url\":\"https:\\\/\\\/www.tornabuoniart.com\\\/en\\\/\",\"name\":\"Tornabuoni Art\",\"description\":\"Modern &amp; Contemporary Art Gallery\",\"publisher\":{\"@id\":\"https:\\\/\\\/www.tornabuoniart.com\\\/en\\\/#organization\"},\"potentialAction\":[{\"@type\":\"SearchAction\",\"target\":{\"@type\":\"EntryPoint\",\"urlTemplate\":\"https:\\\/\\\/www.tornabuoniart.com\\\/en\\\/?s={search_term_string}\"},\"query-input\":{\"@type\":\"PropertyValueSpecification\",\"valueRequired\":true,\"valueName\":\"search_term_string\"}}],\"inLanguage\":\"fr-FR\"},{\"@type\":\"Organization\",\"@id\":\"https:\\\/\\\/www.tornabuoniart.com\\\/en\\\/#organization\",\"name\":\"Tornabuoni Art\",\"url\":\"https:\\\/\\\/www.tornabuoniart.com\\\/en\\\/\",\"logo\":{\"@type\":\"ImageObject\",\"inLanguage\":\"fr-FR\",\"@id\":\"https:\\\/\\\/www.tornabuoniart.com\\\/en\\\/#\\\/schema\\\/logo\\\/image\\\/\",\"url\":\"http:\\\/\\\/www.tornabuoniart.com\\\/wp-content\\\/uploads\\\/2019\\\/04\\\/logo_tornabuoni-art2-2-grey.png\",\"contentUrl\":\"http:\\\/\\\/www.tornabuoniart.com\\\/wp-content\\\/uploads\\\/2019\\\/04\\\/logo_tornabuoni-art2-2-grey.png\",\"width\":961,\"height\":136,\"caption\":\"Tornabuoni Art\"},\"image\":{\"@id\":\"https:\\\/\\\/www.tornabuoniart.com\\\/en\\\/#\\\/schema\\\/logo\\\/image\\\/\"},\"sameAs\":[\"https:\\\/\\\/www.facebook.com\\\/TornabuoniArt\\\/\",\"https:\\\/\\\/x.com\\\/TornabuoniArt\",\"https:\\\/\\\/www.instagram.com\\\/tornabuoniart\\\/\"]},{\"@type\":\"Person\",\"@id\":\"https:\\\/\\\/www.tornabuoniart.com\\\/en\\\/#\\\/schema\\\/person\\\/df67e3de137dec2798fe14b939eb7b55\",\"name\":\"Firenze\",\"image\":{\"@type\":\"ImageObject\",\"inLanguage\":\"fr-FR\",\"@id\":\"https:\\\/\\\/secure.gravatar.com\\\/avatar\\\/57579b05568f2908a1f0d24a99d0c5030db12b726956c9bed9dc2fc5f6369d60?s=96&d=mm&r=g\",\"url\":\"https:\\\/\\\/secure.gravatar.com\\\/avatar\\\/57579b05568f2908a1f0d24a99d0c5030db12b726956c9bed9dc2fc5f6369d60?s=96&d=mm&r=g\",\"contentUrl\":\"https:\\\/\\\/secure.gravatar.com\\\/avatar\\\/57579b05568f2908a1f0d24a99d0c5030db12b726956c9bed9dc2fc5f6369d60?s=96&d=mm&r=g\",\"caption\":\"Firenze\"},\"url\":\"https:\\\/\\\/www.tornabuoniart.com\\\/fr\\\/author\\\/tornabuoniartfirenze\\\/\"}]}<\/script>\n<!-- \/ Yoast SEO plugin. -->","yoast_head_json":{"title":"PAOLO SCHEGGI, Au del\u00e0 de la toile - Tornabuoni Art","robots":{"index":"index","follow":"follow","max-snippet":"max-snippet:-1","max-image-preview":"max-image-preview:large","max-video-preview":"max-video-preview:-1"},"canonical":"https:\/\/www.tornabuoniart.com\/it\/conferenza-allistituto-italiano-di-cultura-di-parigi\/","og_locale":"fr_FR","og_type":"article","og_title":"PAOLO SCHEGGI, Au del\u00e0 de la toile - Tornabuoni Art","og_description":"[vc_row][vc_column][vc_column_text] &lt;&lt; retourner aux news [\/vc_column_text][\/vc_column][\/vc_row][vc_row][vc_column][vc_single_image source=&#8221;featured_image&#8221; img_size=&#8221;full&#8221; alignment=&#8221;center&#8221; onclick=&#8221;link_image&#8221;][\/vc_column][\/vc_row][vc_row][vc_column][vc_column_text] H\u00f4tel de Galliffet \u2013 Paris, France 1 octobre 2020 \u2013 30 octobre 2020 Tornabuoni Art a","og_url":"https:\/\/www.tornabuoniart.com\/it\/conferenza-allistituto-italiano-di-cultura-di-parigi\/","og_site_name":"Tornabuoni Art","article_publisher":"https:\/\/www.facebook.com\/TornabuoniArt\/","article_published_time":"2020-09-18T14:22:22+00:00","article_modified_time":"2020-11-18T15:27:35+00:00","og_image":[{"width":529,"height":477,"url":"https:\/\/www.tornabuoniart.com\/wp-content\/uploads\/2020\/09\/Capture-de\u0301cran-2020-09-18-a\u0300-12.39.41.png","type":"image\/png"}],"author":"Firenze","twitter_card":"summary_large_image","twitter_creator":"@TornabuoniArt","twitter_site":"@TornabuoniArt","twitter_misc":{"Written by":"Firenze","Est. reading time":"1 minute"},"schema":{"@context":"https:\/\/schema.org","@graph":[{"@type":"Article","@id":"https:\/\/www.tornabuoniart.com\/it\/conferenza-allistituto-italiano-di-cultura-di-parigi\/#article","isPartOf":{"@id":"https:\/\/www.tornabuoniart.com\/it\/conferenza-allistituto-italiano-di-cultura-di-parigi\/"},"author":{"name":"Firenze","@id":"https:\/\/www.tornabuoniart.com\/en\/#\/schema\/person\/df67e3de137dec2798fe14b939eb7b55"},"headline":"PAOLO SCHEGGI, Au del\u00e0 de la toile","datePublished":"2020-09-18T14:22:22+00:00","dateModified":"2020-11-18T15:27:35+00:00","mainEntityOfPage":{"@id":"https:\/\/www.tornabuoniart.com\/it\/conferenza-allistituto-italiano-di-cultura-di-parigi\/"},"wordCount":173,"publisher":{"@id":"https:\/\/www.tornabuoniart.com\/en\/#organization"},"image":{"@id":"https:\/\/www.tornabuoniart.com\/it\/conferenza-allistituto-italiano-di-cultura-di-parigi\/#primaryimage"},"thumbnailUrl":"https:\/\/www.tornabuoniart.com\/wp-content\/uploads\/2020\/09\/Capture-de\u0301cran-2020-09-18-a\u0300-12.39.41.png","articleSection":["2020"],"inLanguage":"fr-FR"},{"@type":"WebPage","@id":"https:\/\/www.tornabuoniart.com\/it\/conferenza-allistituto-italiano-di-cultura-di-parigi\/","url":"https:\/\/www.tornabuoniart.com\/it\/conferenza-allistituto-italiano-di-cultura-di-parigi\/","name":"PAOLO SCHEGGI, Au del\u00e0 de la toile - Tornabuoni Art","isPartOf":{"@id":"https:\/\/www.tornabuoniart.com\/en\/#website"},"primaryImageOfPage":{"@id":"https:\/\/www.tornabuoniart.com\/it\/conferenza-allistituto-italiano-di-cultura-di-parigi\/#primaryimage"},"image":{"@id":"https:\/\/www.tornabuoniart.com\/it\/conferenza-allistituto-italiano-di-cultura-di-parigi\/#primaryimage"},"thumbnailUrl":"https:\/\/www.tornabuoniart.com\/wp-content\/uploads\/2020\/09\/Capture-de\u0301cran-2020-09-18-a\u0300-12.39.41.png","datePublished":"2020-09-18T14:22:22+00:00","dateModified":"2020-11-18T15:27:35+00:00","breadcrumb":{"@id":"https:\/\/www.tornabuoniart.com\/it\/conferenza-allistituto-italiano-di-cultura-di-parigi\/#breadcrumb"},"inLanguage":"fr-FR","potentialAction":[{"@type":"ReadAction","target":["https:\/\/www.tornabuoniart.com\/it\/conferenza-allistituto-italiano-di-cultura-di-parigi\/"]}]},{"@type":"ImageObject","inLanguage":"fr-FR","@id":"https:\/\/www.tornabuoniart.com\/it\/conferenza-allistituto-italiano-di-cultura-di-parigi\/#primaryimage","url":"https:\/\/www.tornabuoniart.com\/wp-content\/uploads\/2020\/09\/Capture-de\u0301cran-2020-09-18-a\u0300-12.39.41.png","contentUrl":"https:\/\/www.tornabuoniart.com\/wp-content\/uploads\/2020\/09\/Capture-de\u0301cran-2020-09-18-a\u0300-12.39.41.png","width":529,"height":477,"caption":"Paolo Scheggi, Zone Riflesse, 1965, acrylique sur trois toiles superpos\u00e9es, 60 x 50,5 x 5,5 cm(d\u00e9tail)"},{"@type":"BreadcrumbList","@id":"https:\/\/www.tornabuoniart.com\/it\/conferenza-allistituto-italiano-di-cultura-di-parigi\/#breadcrumb","itemListElement":[{"@type":"ListItem","position":1,"name":"Home","item":"https:\/\/www.tornabuoniart.com\/fr\/"},{"@type":"ListItem","position":2,"name":"PAOLO SCHEGGI, Au del\u00e0 de la toile"}]},{"@type":"WebSite","@id":"https:\/\/www.tornabuoniart.com\/en\/#website","url":"https:\/\/www.tornabuoniart.com\/en\/","name":"Tornabuoni Art","description":"Modern &amp; Contemporary Art Gallery","publisher":{"@id":"https:\/\/www.tornabuoniart.com\/en\/#organization"},"potentialAction":[{"@type":"SearchAction","target":{"@type":"EntryPoint","urlTemplate":"https:\/\/www.tornabuoniart.com\/en\/?s={search_term_string}"},"query-input":{"@type":"PropertyValueSpecification","valueRequired":true,"valueName":"search_term_string"}}],"inLanguage":"fr-FR"},{"@type":"Organization","@id":"https:\/\/www.tornabuoniart.com\/en\/#organization","name":"Tornabuoni Art","url":"https:\/\/www.tornabuoniart.com\/en\/","logo":{"@type":"ImageObject","inLanguage":"fr-FR","@id":"https:\/\/www.tornabuoniart.com\/en\/#\/schema\/logo\/image\/","url":"http:\/\/www.tornabuoniart.com\/wp-content\/uploads\/2019\/04\/logo_tornabuoni-art2-2-grey.png","contentUrl":"http:\/\/www.tornabuoniart.com\/wp-content\/uploads\/2019\/04\/logo_tornabuoni-art2-2-grey.png","width":961,"height":136,"caption":"Tornabuoni Art"},"image":{"@id":"https:\/\/www.tornabuoniart.com\/en\/#\/schema\/logo\/image\/"},"sameAs":["https:\/\/www.facebook.com\/TornabuoniArt\/","https:\/\/x.com\/TornabuoniArt","https:\/\/www.instagram.com\/tornabuoniart\/"]},{"@type":"Person","@id":"https:\/\/www.tornabuoniart.com\/en\/#\/schema\/person\/df67e3de137dec2798fe14b939eb7b55","name":"Firenze","image":{"@type":"ImageObject","inLanguage":"fr-FR","@id":"https:\/\/secure.gravatar.com\/avatar\/57579b05568f2908a1f0d24a99d0c5030db12b726956c9bed9dc2fc5f6369d60?s=96&d=mm&r=g","url":"https:\/\/secure.gravatar.com\/avatar\/57579b05568f2908a1f0d24a99d0c5030db12b726956c9bed9dc2fc5f6369d60?s=96&d=mm&r=g","contentUrl":"https:\/\/secure.gravatar.com\/avatar\/57579b05568f2908a1f0d24a99d0c5030db12b726956c9bed9dc2fc5f6369d60?s=96&d=mm&r=g","caption":"Firenze"},"url":"https:\/\/www.tornabuoniart.com\/fr\/author\/tornabuoniartfirenze\/"}]}},"_links":{"self":[{"href":"https:\/\/www.tornabuoniart.com\/fr\/wp-json\/wp\/v2\/posts\/27199","targetHints":{"allow":["GET"]}}],"collection":[{"href":"https:\/\/www.tornabuoniart.com\/fr\/wp-json\/wp\/v2\/posts"}],"about":[{"href":"https:\/\/www.tornabuoniart.com\/fr\/wp-json\/wp\/v2\/types\/post"}],"author":[{"embeddable":true,"href":"https:\/\/www.tornabuoniart.com\/fr\/wp-json\/wp\/v2\/users\/3"}],"replies":[{"embeddable":true,"href":"https:\/\/www.tornabuoniart.com\/fr\/wp-json\/wp\/v2\/comments?post=27199"}],"version-history":[{"count":5,"href":"https:\/\/www.tornabuoniart.com\/fr\/wp-json\/wp\/v2\/posts\/27199\/revisions"}],"predecessor-version":[{"id":27787,"href":"https:\/\/www.tornabuoniart.com\/fr\/wp-json\/wp\/v2\/posts\/27199\/revisions\/27787"}],"wp:featuredmedia":[{"embeddable":true,"href":"https:\/\/www.tornabuoniart.com\/fr\/wp-json\/wp\/v2\/media\/27194"}],"wp:attachment":[{"href":"https:\/\/www.tornabuoniart.com\/fr\/wp-json\/wp\/v2\/media?parent=27199"}],"wp:term":[{"taxonomy":"category","embeddable":true,"href":"https:\/\/www.tornabuoniart.com\/fr\/wp-json\/wp\/v2\/categories?post=27199"},{"taxonomy":"post_tag","embeddable":true,"href":"https:\/\/www.tornabuoniart.com\/fr\/wp-json\/wp\/v2\/tags?post=27199"}],"curies":[{"name":"wp","href":"https:\/\/api.w.org\/{rel}","templated":true}]}}