{"id":27122,"date":"2020-09-15T11:16:57","date_gmt":"2020-09-15T10:16:57","guid":{"rendered":"http:\/\/www.tornabuoniart.com\/tornabuoni-art-paris-rouvre-son-espace-historique-du-16-avenue-matignon\/"},"modified":"2020-11-18T16:27:41","modified_gmt":"2020-11-18T15:27:41","slug":"tornabuoni-art-paris-rouvre-son-espace-historique-du-16-avenue-matignon","status":"publish","type":"post","link":"https:\/\/www.tornabuoniart.com\/fr\/tornabuoni-art-paris-rouvre-son-espace-historique-du-16-avenue-matignon\/","title":{"rendered":"Tornabuoni Art Paris rouvre son espace historique du 16 avenue Matignon"},"content":{"rendered":"<div class=\"wpb-content-wrapper\"><p>[vc_row][vc_column][vc_column_text]<\/p>\n<p style=\"text-align: center;\"><span style=\"color: #808080;\"><em><a style=\"color: #808080;\" href=\"https:\/\/tornabuoniart.com\/fr\/news-fr\/\">&lt;&lt; retourner aux news<\/a><\/em><\/span><\/p>\n<p>[\/vc_column_text][\/vc_column][\/vc_row][vc_row][vc_column][vc_single_image source=&#8221;featured_image&#8221; img_size=&#8221;full&#8221; alignment=&#8221;center&#8221; onclick=&#8221;link_image&#8221;][\/vc_column][\/vc_row][vc_row][vc_column][vc_column_text]<\/p>\n<p class=\"gmail-p3\" style=\"text-align: center;\"><span class=\"gmail-s1\"><b>Tornabuoni Art a le plaisir d&#8217;annoncer la r\u00e9ouverture de son espace historique du 16 avenue Matignon le 22 octobre 2020.<\/b><\/span><\/p>\n<p class=\"gmail-p3\"><span class=\"gmail-s1\">Tornabuoni Art a ouvert sa premi\u00e8re galerie parisienne en 2009 \u00e0 la m\u00eame adresse, au c\u0153ur du 8\u00e8me arrondissement, \u00e0 proximit\u00e9 du Grand Palais et des Champs \u00c9lys\u00e9es, quartier d\u00e9sormais central dans l&#8217;activit\u00e9 artistique et le march\u00e9 de l&#8217;art. En 2017, en raison de n\u00e9cessaires r\u00e9novations du b\u00e2timent, la galerie s&#8217;est install\u00e9e au Passage de Retz, un h\u00f4tel particulier du 17<\/span><span class=\"gmail-s2\"><sup>\u00e8me<\/sup><\/span><span class=\"gmail-s1\">\u00a0si\u00e8cle dans le Marais. Ce large espace a \u00e9t\u00e9 l&#8217;occasion pour Tornabuoni d&#8217;y rencontrer un nouveau public et d&#8217;organiser de plus amples expositions\u00a0d&#8217;artistes tels que Alighiero Boetti, Giorgio de Chirico ou Alberto Burri.<\/span><\/p>\n<p class=\"gmail-p3\"><span class=\"gmail-s1\">Apr\u00e8s trois ans, les travaux de l&#8217;immeuble de l&#8217;avenue Matignon sont achev\u00e9s et Tornabuoni Art regagne son espace historique \u00e0 l&#8217;automne prochain, dans une galerie enti\u00e8rement remani\u00e9e d&#8217;environ 300 m2 s\u2019\u00e9tendant sur trois \u00e9tages.<\/span><\/p>\n<p class=\"gmail-p3\"><span class=\"gmail-s1\">La r\u00e9novation a \u00e9t\u00e9 conduite par le\u00a0<b>Studio Archea<\/b>, c\u00e9l\u00e8bre cabinet d\u2019architecte italien qui a notamment dessin\u00e9 le Liling World Ceramic Art City en Chine, le stade national d&#8217;Albanie ou la Cantina Antinori en Toscane. La direction artistique d\u2019Archea concorde avec la volont\u00e9 de Tornabuoni Art de promouvoir l\u2019avant-garde italienne aupr\u00e8s d&#8217;un large public international.<\/span><\/p>\n<p class=\"gmail-p3\"><span class=\"gmail-s1\">Francesca Piccolboni, directrice de Tornabuoni Art Paris, commente :<\/span><\/p>\n<p class=\"gmail-p3\"><span class=\"gmail-s1\">\u00ab\u00a0<i>Nous avons choisi de lancer notre galerie parisienne dans le 8\u00e8me arrondissement 10 ans plus t\u00f4t et nous ferions le m\u00eame choix aujourd&#8217;hui. L&#8217;offre culturelle de ce quartier s&#8217;est davantage dynamis\u00e9e et internationalis\u00e9e, en particulier suite \u00e0 l&#8217;arriv\u00e9e de galeries d&#8217;art contemporain majeures qui ont rejoint une communaut\u00e9 de galeries d&#8217;art historiques et maisons de ventes de premier plan. Pour nous, cet emplacement fait partie d&#8217;un centre culturel en pleine expansion. Nous sommes ravis que le Studio Archea\u00a0ait contribu\u00e9 \u00e0 donner vie \u00e0 nos id\u00e9es et notre vision pour cette espace, avec une sensibilit\u00e9 partag\u00e9e \u00e0\u00a0l&#8217;art et\u00a0la fa\u00e7on dont nous l\u2019exp\u00e9rimentons.<\/i>\u00a0\u00bb<\/span><\/p>\n<p>[\/vc_column_text][\/vc_column][\/vc_row]<\/p>\n<\/div>","protected":false},"excerpt":{"rendered":"<p>[vc_row][vc_column][vc_column_text] &lt;&lt; retourner aux news [\/vc_column_text][\/vc_column][\/vc_row][vc_row][vc_column][vc_single_image source=&#8221;featured_image&#8221; img_size=&#8221;full&#8221; alignment=&#8221;center&#8221; onclick=&#8221;link_image&#8221;][\/vc_column][\/vc_row][vc_row][vc_column][vc_column_text] Tornabuoni Art a le plaisir d&#8217;annoncer la r\u00e9ouverture de son espace historique du 16 avenue Matignon<\/p>\n","protected":false},"author":3,"featured_media":27117,"comment_status":"closed","ping_status":"open","sticky":false,"template":"","format":"standard","meta":{"_acf_changed":false,"footnotes":""},"categories":[260],"tags":[],"class_list":["post-27122","post","type-post","status-publish","format-standard","has-post-thumbnail","hentry","category-2020-fr"],"acf":[],"yoast_head":"<!-- This site is optimized with the Yoast SEO plugin v27.4 - https:\/\/yoast.com\/product\/yoast-seo-wordpress\/ -->\n<title>Tornabuoni Art Paris rouvre son espace historique du 16 avenue Matignon - Tornabuoni Art<\/title>\n<meta name=\"robots\" content=\"index, follow, max-snippet:-1, max-image-preview:large, max-video-preview:-1\" \/>\n<link rel=\"canonical\" href=\"https:\/\/www.tornabuoniart.com\/fr\/tornabuoni-art-paris-rouvre-son-espace-historique-du-16-avenue-matignon\/\" \/>\n<meta property=\"og:locale\" content=\"fr_FR\" \/>\n<meta property=\"og:type\" content=\"article\" \/>\n<meta property=\"og:title\" content=\"Tornabuoni Art Paris rouvre son espace historique du 16 avenue Matignon - Tornabuoni Art\" \/>\n<meta property=\"og:description\" content=\"[vc_row][vc_column][vc_column_text] &lt;&lt; retourner aux news [\/vc_column_text][\/vc_column][\/vc_row][vc_row][vc_column][vc_single_image source=&#8221;featured_image&#8221; img_size=&#8221;full&#8221; alignment=&#8221;center&#8221; onclick=&#8221;link_image&#8221;][\/vc_column][\/vc_row][vc_row][vc_column][vc_column_text] Tornabuoni Art a le plaisir d&#8217;annoncer la r\u00e9ouverture de son espace historique du 16 avenue Matignon\" \/>\n<meta property=\"og:url\" content=\"https:\/\/www.tornabuoniart.com\/fr\/tornabuoni-art-paris-rouvre-son-espace-historique-du-16-avenue-matignon\/\" \/>\n<meta property=\"og:site_name\" content=\"Tornabuoni Art\" \/>\n<meta property=\"article:publisher\" content=\"https:\/\/www.facebook.com\/TornabuoniArt\/\" \/>\n<meta property=\"article:published_time\" content=\"2020-09-15T10:16:57+00:00\" \/>\n<meta property=\"article:modified_time\" content=\"2020-11-18T15:27:41+00:00\" \/>\n<meta property=\"og:image\" content=\"https:\/\/www.tornabuoniart.com\/wp-content\/uploads\/2020\/09\/TornabuoniArt-Paris_final-02-scaled.jpg\" \/>\n\t<meta property=\"og:image:width\" content=\"2560\" \/>\n\t<meta property=\"og:image:height\" content=\"1440\" \/>\n\t<meta property=\"og:image:type\" content=\"image\/jpeg\" \/>\n<meta name=\"author\" content=\"Firenze\" \/>\n<meta name=\"twitter:card\" content=\"summary_large_image\" \/>\n<meta name=\"twitter:creator\" content=\"@TornabuoniArt\" \/>\n<meta name=\"twitter:site\" content=\"@TornabuoniArt\" \/>\n<meta name=\"twitter:label1\" content=\"Written by\" \/>\n\t<meta name=\"twitter:data1\" content=\"Firenze\" \/>\n\t<meta name=\"twitter:label2\" content=\"Est. reading time\" \/>\n\t<meta name=\"twitter:data2\" content=\"2 minutes\" \/>\n<script type=\"application\/ld+json\" class=\"yoast-schema-graph\">{\"@context\":\"https:\\\/\\\/schema.org\",\"@graph\":[{\"@type\":\"Article\",\"@id\":\"https:\\\/\\\/www.tornabuoniart.com\\\/fr\\\/tornabuoni-art-paris-rouvre-son-espace-historique-du-16-avenue-matignon\\\/#article\",\"isPartOf\":{\"@id\":\"https:\\\/\\\/www.tornabuoniart.com\\\/fr\\\/tornabuoni-art-paris-rouvre-son-espace-historique-du-16-avenue-matignon\\\/\"},\"author\":{\"name\":\"Firenze\",\"@id\":\"https:\\\/\\\/www.tornabuoniart.com\\\/en\\\/#\\\/schema\\\/person\\\/df67e3de137dec2798fe14b939eb7b55\"},\"headline\":\"Tornabuoni Art Paris rouvre son espace historique du 16 avenue Matignon\",\"datePublished\":\"2020-09-15T10:16:57+00:00\",\"dateModified\":\"2020-11-18T15:27:41+00:00\",\"mainEntityOfPage\":{\"@id\":\"https:\\\/\\\/www.tornabuoniart.com\\\/fr\\\/tornabuoni-art-paris-rouvre-son-espace-historique-du-16-avenue-matignon\\\/\"},\"wordCount\":423,\"publisher\":{\"@id\":\"https:\\\/\\\/www.tornabuoniart.com\\\/en\\\/#organization\"},\"image\":{\"@id\":\"https:\\\/\\\/www.tornabuoniart.com\\\/fr\\\/tornabuoni-art-paris-rouvre-son-espace-historique-du-16-avenue-matignon\\\/#primaryimage\"},\"thumbnailUrl\":\"https:\\\/\\\/www.tornabuoniart.com\\\/wp-content\\\/uploads\\\/2020\\\/09\\\/TornabuoniArt-Paris_final-02-scaled.jpg\",\"articleSection\":[\"2020\"],\"inLanguage\":\"fr-FR\"},{\"@type\":\"WebPage\",\"@id\":\"https:\\\/\\\/www.tornabuoniart.com\\\/fr\\\/tornabuoni-art-paris-rouvre-son-espace-historique-du-16-avenue-matignon\\\/\",\"url\":\"https:\\\/\\\/www.tornabuoniart.com\\\/fr\\\/tornabuoni-art-paris-rouvre-son-espace-historique-du-16-avenue-matignon\\\/\",\"name\":\"Tornabuoni Art Paris rouvre son espace historique du 16 avenue Matignon - Tornabuoni Art\",\"isPartOf\":{\"@id\":\"https:\\\/\\\/www.tornabuoniart.com\\\/en\\\/#website\"},\"primaryImageOfPage\":{\"@id\":\"https:\\\/\\\/www.tornabuoniart.com\\\/fr\\\/tornabuoni-art-paris-rouvre-son-espace-historique-du-16-avenue-matignon\\\/#primaryimage\"},\"image\":{\"@id\":\"https:\\\/\\\/www.tornabuoniart.com\\\/fr\\\/tornabuoni-art-paris-rouvre-son-espace-historique-du-16-avenue-matignon\\\/#primaryimage\"},\"thumbnailUrl\":\"https:\\\/\\\/www.tornabuoniart.com\\\/wp-content\\\/uploads\\\/2020\\\/09\\\/TornabuoniArt-Paris_final-02-scaled.jpg\",\"datePublished\":\"2020-09-15T10:16:57+00:00\",\"dateModified\":\"2020-11-18T15:27:41+00:00\",\"breadcrumb\":{\"@id\":\"https:\\\/\\\/www.tornabuoniart.com\\\/fr\\\/tornabuoni-art-paris-rouvre-son-espace-historique-du-16-avenue-matignon\\\/#breadcrumb\"},\"inLanguage\":\"fr-FR\",\"potentialAction\":[{\"@type\":\"ReadAction\",\"target\":[\"https:\\\/\\\/www.tornabuoniart.com\\\/fr\\\/tornabuoni-art-paris-rouvre-son-espace-historique-du-16-avenue-matignon\\\/\"]}]},{\"@type\":\"ImageObject\",\"inLanguage\":\"fr-FR\",\"@id\":\"https:\\\/\\\/www.tornabuoniart.com\\\/fr\\\/tornabuoni-art-paris-rouvre-son-espace-historique-du-16-avenue-matignon\\\/#primaryimage\",\"url\":\"https:\\\/\\\/www.tornabuoniart.com\\\/wp-content\\\/uploads\\\/2020\\\/09\\\/TornabuoniArt-Paris_final-02-scaled.jpg\",\"contentUrl\":\"https:\\\/\\\/www.tornabuoniart.com\\\/wp-content\\\/uploads\\\/2020\\\/09\\\/TornabuoniArt-Paris_final-02-scaled.jpg\",\"width\":2560,\"height\":1440},{\"@type\":\"BreadcrumbList\",\"@id\":\"https:\\\/\\\/www.tornabuoniart.com\\\/fr\\\/tornabuoni-art-paris-rouvre-son-espace-historique-du-16-avenue-matignon\\\/#breadcrumb\",\"itemListElement\":[{\"@type\":\"ListItem\",\"position\":1,\"name\":\"Home\",\"item\":\"https:\\\/\\\/www.tornabuoniart.com\\\/fr\\\/\"},{\"@type\":\"ListItem\",\"position\":2,\"name\":\"Tornabuoni Art Paris rouvre son espace historique du 16 avenue Matignon\"}]},{\"@type\":\"WebSite\",\"@id\":\"https:\\\/\\\/www.tornabuoniart.com\\\/en\\\/#website\",\"url\":\"https:\\\/\\\/www.tornabuoniart.com\\\/en\\\/\",\"name\":\"Tornabuoni Art\",\"description\":\"Modern &amp; Contemporary Art Gallery\",\"publisher\":{\"@id\":\"https:\\\/\\\/www.tornabuoniart.com\\\/en\\\/#organization\"},\"potentialAction\":[{\"@type\":\"SearchAction\",\"target\":{\"@type\":\"EntryPoint\",\"urlTemplate\":\"https:\\\/\\\/www.tornabuoniart.com\\\/en\\\/?s={search_term_string}\"},\"query-input\":{\"@type\":\"PropertyValueSpecification\",\"valueRequired\":true,\"valueName\":\"search_term_string\"}}],\"inLanguage\":\"fr-FR\"},{\"@type\":\"Organization\",\"@id\":\"https:\\\/\\\/www.tornabuoniart.com\\\/en\\\/#organization\",\"name\":\"Tornabuoni Art\",\"url\":\"https:\\\/\\\/www.tornabuoniart.com\\\/en\\\/\",\"logo\":{\"@type\":\"ImageObject\",\"inLanguage\":\"fr-FR\",\"@id\":\"https:\\\/\\\/www.tornabuoniart.com\\\/en\\\/#\\\/schema\\\/logo\\\/image\\\/\",\"url\":\"http:\\\/\\\/www.tornabuoniart.com\\\/wp-content\\\/uploads\\\/2019\\\/04\\\/logo_tornabuoni-art2-2-grey.png\",\"contentUrl\":\"http:\\\/\\\/www.tornabuoniart.com\\\/wp-content\\\/uploads\\\/2019\\\/04\\\/logo_tornabuoni-art2-2-grey.png\",\"width\":961,\"height\":136,\"caption\":\"Tornabuoni Art\"},\"image\":{\"@id\":\"https:\\\/\\\/www.tornabuoniart.com\\\/en\\\/#\\\/schema\\\/logo\\\/image\\\/\"},\"sameAs\":[\"https:\\\/\\\/www.facebook.com\\\/TornabuoniArt\\\/\",\"https:\\\/\\\/x.com\\\/TornabuoniArt\",\"https:\\\/\\\/www.instagram.com\\\/tornabuoniart\\\/\"]},{\"@type\":\"Person\",\"@id\":\"https:\\\/\\\/www.tornabuoniart.com\\\/en\\\/#\\\/schema\\\/person\\\/df67e3de137dec2798fe14b939eb7b55\",\"name\":\"Firenze\",\"image\":{\"@type\":\"ImageObject\",\"inLanguage\":\"fr-FR\",\"@id\":\"https:\\\/\\\/secure.gravatar.com\\\/avatar\\\/57579b05568f2908a1f0d24a99d0c5030db12b726956c9bed9dc2fc5f6369d60?s=96&d=mm&r=g\",\"url\":\"https:\\\/\\\/secure.gravatar.com\\\/avatar\\\/57579b05568f2908a1f0d24a99d0c5030db12b726956c9bed9dc2fc5f6369d60?s=96&d=mm&r=g\",\"contentUrl\":\"https:\\\/\\\/secure.gravatar.com\\\/avatar\\\/57579b05568f2908a1f0d24a99d0c5030db12b726956c9bed9dc2fc5f6369d60?s=96&d=mm&r=g\",\"caption\":\"Firenze\"},\"url\":\"https:\\\/\\\/www.tornabuoniart.com\\\/fr\\\/author\\\/tornabuoniartfirenze\\\/\"}]}<\/script>\n<!-- \/ Yoast SEO plugin. -->","yoast_head_json":{"title":"Tornabuoni Art Paris rouvre son espace historique du 16 avenue Matignon - Tornabuoni Art","robots":{"index":"index","follow":"follow","max-snippet":"max-snippet:-1","max-image-preview":"max-image-preview:large","max-video-preview":"max-video-preview:-1"},"canonical":"https:\/\/www.tornabuoniart.com\/fr\/tornabuoni-art-paris-rouvre-son-espace-historique-du-16-avenue-matignon\/","og_locale":"fr_FR","og_type":"article","og_title":"Tornabuoni Art Paris rouvre son espace historique du 16 avenue Matignon - Tornabuoni Art","og_description":"[vc_row][vc_column][vc_column_text] &lt;&lt; retourner aux news [\/vc_column_text][\/vc_column][\/vc_row][vc_row][vc_column][vc_single_image source=&#8221;featured_image&#8221; img_size=&#8221;full&#8221; alignment=&#8221;center&#8221; onclick=&#8221;link_image&#8221;][\/vc_column][\/vc_row][vc_row][vc_column][vc_column_text] Tornabuoni Art a le plaisir d&#8217;annoncer la r\u00e9ouverture de son espace historique du 16 avenue Matignon","og_url":"https:\/\/www.tornabuoniart.com\/fr\/tornabuoni-art-paris-rouvre-son-espace-historique-du-16-avenue-matignon\/","og_site_name":"Tornabuoni Art","article_publisher":"https:\/\/www.facebook.com\/TornabuoniArt\/","article_published_time":"2020-09-15T10:16:57+00:00","article_modified_time":"2020-11-18T15:27:41+00:00","og_image":[{"width":2560,"height":1440,"url":"https:\/\/www.tornabuoniart.com\/wp-content\/uploads\/2020\/09\/TornabuoniArt-Paris_final-02-scaled.jpg","type":"image\/jpeg"}],"author":"Firenze","twitter_card":"summary_large_image","twitter_creator":"@TornabuoniArt","twitter_site":"@TornabuoniArt","twitter_misc":{"Written by":"Firenze","Est. reading time":"2 minutes"},"schema":{"@context":"https:\/\/schema.org","@graph":[{"@type":"Article","@id":"https:\/\/www.tornabuoniart.com\/fr\/tornabuoni-art-paris-rouvre-son-espace-historique-du-16-avenue-matignon\/#article","isPartOf":{"@id":"https:\/\/www.tornabuoniart.com\/fr\/tornabuoni-art-paris-rouvre-son-espace-historique-du-16-avenue-matignon\/"},"author":{"name":"Firenze","@id":"https:\/\/www.tornabuoniart.com\/en\/#\/schema\/person\/df67e3de137dec2798fe14b939eb7b55"},"headline":"Tornabuoni Art Paris rouvre son espace historique du 16 avenue Matignon","datePublished":"2020-09-15T10:16:57+00:00","dateModified":"2020-11-18T15:27:41+00:00","mainEntityOfPage":{"@id":"https:\/\/www.tornabuoniart.com\/fr\/tornabuoni-art-paris-rouvre-son-espace-historique-du-16-avenue-matignon\/"},"wordCount":423,"publisher":{"@id":"https:\/\/www.tornabuoniart.com\/en\/#organization"},"image":{"@id":"https:\/\/www.tornabuoniart.com\/fr\/tornabuoni-art-paris-rouvre-son-espace-historique-du-16-avenue-matignon\/#primaryimage"},"thumbnailUrl":"https:\/\/www.tornabuoniart.com\/wp-content\/uploads\/2020\/09\/TornabuoniArt-Paris_final-02-scaled.jpg","articleSection":["2020"],"inLanguage":"fr-FR"},{"@type":"WebPage","@id":"https:\/\/www.tornabuoniart.com\/fr\/tornabuoni-art-paris-rouvre-son-espace-historique-du-16-avenue-matignon\/","url":"https:\/\/www.tornabuoniart.com\/fr\/tornabuoni-art-paris-rouvre-son-espace-historique-du-16-avenue-matignon\/","name":"Tornabuoni Art Paris rouvre son espace historique du 16 avenue Matignon - Tornabuoni Art","isPartOf":{"@id":"https:\/\/www.tornabuoniart.com\/en\/#website"},"primaryImageOfPage":{"@id":"https:\/\/www.tornabuoniart.com\/fr\/tornabuoni-art-paris-rouvre-son-espace-historique-du-16-avenue-matignon\/#primaryimage"},"image":{"@id":"https:\/\/www.tornabuoniart.com\/fr\/tornabuoni-art-paris-rouvre-son-espace-historique-du-16-avenue-matignon\/#primaryimage"},"thumbnailUrl":"https:\/\/www.tornabuoniart.com\/wp-content\/uploads\/2020\/09\/TornabuoniArt-Paris_final-02-scaled.jpg","datePublished":"2020-09-15T10:16:57+00:00","dateModified":"2020-11-18T15:27:41+00:00","breadcrumb":{"@id":"https:\/\/www.tornabuoniart.com\/fr\/tornabuoni-art-paris-rouvre-son-espace-historique-du-16-avenue-matignon\/#breadcrumb"},"inLanguage":"fr-FR","potentialAction":[{"@type":"ReadAction","target":["https:\/\/www.tornabuoniart.com\/fr\/tornabuoni-art-paris-rouvre-son-espace-historique-du-16-avenue-matignon\/"]}]},{"@type":"ImageObject","inLanguage":"fr-FR","@id":"https:\/\/www.tornabuoniart.com\/fr\/tornabuoni-art-paris-rouvre-son-espace-historique-du-16-avenue-matignon\/#primaryimage","url":"https:\/\/www.tornabuoniart.com\/wp-content\/uploads\/2020\/09\/TornabuoniArt-Paris_final-02-scaled.jpg","contentUrl":"https:\/\/www.tornabuoniart.com\/wp-content\/uploads\/2020\/09\/TornabuoniArt-Paris_final-02-scaled.jpg","width":2560,"height":1440},{"@type":"BreadcrumbList","@id":"https:\/\/www.tornabuoniart.com\/fr\/tornabuoni-art-paris-rouvre-son-espace-historique-du-16-avenue-matignon\/#breadcrumb","itemListElement":[{"@type":"ListItem","position":1,"name":"Home","item":"https:\/\/www.tornabuoniart.com\/fr\/"},{"@type":"ListItem","position":2,"name":"Tornabuoni Art Paris rouvre son espace historique du 16 avenue Matignon"}]},{"@type":"WebSite","@id":"https:\/\/www.tornabuoniart.com\/en\/#website","url":"https:\/\/www.tornabuoniart.com\/en\/","name":"Tornabuoni Art","description":"Modern &amp; Contemporary Art Gallery","publisher":{"@id":"https:\/\/www.tornabuoniart.com\/en\/#organization"},"potentialAction":[{"@type":"SearchAction","target":{"@type":"EntryPoint","urlTemplate":"https:\/\/www.tornabuoniart.com\/en\/?s={search_term_string}"},"query-input":{"@type":"PropertyValueSpecification","valueRequired":true,"valueName":"search_term_string"}}],"inLanguage":"fr-FR"},{"@type":"Organization","@id":"https:\/\/www.tornabuoniart.com\/en\/#organization","name":"Tornabuoni Art","url":"https:\/\/www.tornabuoniart.com\/en\/","logo":{"@type":"ImageObject","inLanguage":"fr-FR","@id":"https:\/\/www.tornabuoniart.com\/en\/#\/schema\/logo\/image\/","url":"http:\/\/www.tornabuoniart.com\/wp-content\/uploads\/2019\/04\/logo_tornabuoni-art2-2-grey.png","contentUrl":"http:\/\/www.tornabuoniart.com\/wp-content\/uploads\/2019\/04\/logo_tornabuoni-art2-2-grey.png","width":961,"height":136,"caption":"Tornabuoni Art"},"image":{"@id":"https:\/\/www.tornabuoniart.com\/en\/#\/schema\/logo\/image\/"},"sameAs":["https:\/\/www.facebook.com\/TornabuoniArt\/","https:\/\/x.com\/TornabuoniArt","https:\/\/www.instagram.com\/tornabuoniart\/"]},{"@type":"Person","@id":"https:\/\/www.tornabuoniart.com\/en\/#\/schema\/person\/df67e3de137dec2798fe14b939eb7b55","name":"Firenze","image":{"@type":"ImageObject","inLanguage":"fr-FR","@id":"https:\/\/secure.gravatar.com\/avatar\/57579b05568f2908a1f0d24a99d0c5030db12b726956c9bed9dc2fc5f6369d60?s=96&d=mm&r=g","url":"https:\/\/secure.gravatar.com\/avatar\/57579b05568f2908a1f0d24a99d0c5030db12b726956c9bed9dc2fc5f6369d60?s=96&d=mm&r=g","contentUrl":"https:\/\/secure.gravatar.com\/avatar\/57579b05568f2908a1f0d24a99d0c5030db12b726956c9bed9dc2fc5f6369d60?s=96&d=mm&r=g","caption":"Firenze"},"url":"https:\/\/www.tornabuoniart.com\/fr\/author\/tornabuoniartfirenze\/"}]}},"_links":{"self":[{"href":"https:\/\/www.tornabuoniart.com\/fr\/wp-json\/wp\/v2\/posts\/27122","targetHints":{"allow":["GET"]}}],"collection":[{"href":"https:\/\/www.tornabuoniart.com\/fr\/wp-json\/wp\/v2\/posts"}],"about":[{"href":"https:\/\/www.tornabuoniart.com\/fr\/wp-json\/wp\/v2\/types\/post"}],"author":[{"embeddable":true,"href":"https:\/\/www.tornabuoniart.com\/fr\/wp-json\/wp\/v2\/users\/3"}],"replies":[{"embeddable":true,"href":"https:\/\/www.tornabuoniart.com\/fr\/wp-json\/wp\/v2\/comments?post=27122"}],"version-history":[{"count":4,"href":"https:\/\/www.tornabuoniart.com\/fr\/wp-json\/wp\/v2\/posts\/27122\/revisions"}],"predecessor-version":[{"id":27190,"href":"https:\/\/www.tornabuoniart.com\/fr\/wp-json\/wp\/v2\/posts\/27122\/revisions\/27190"}],"wp:featuredmedia":[{"embeddable":true,"href":"https:\/\/www.tornabuoniart.com\/fr\/wp-json\/wp\/v2\/media\/27117"}],"wp:attachment":[{"href":"https:\/\/www.tornabuoniart.com\/fr\/wp-json\/wp\/v2\/media?parent=27122"}],"wp:term":[{"taxonomy":"category","embeddable":true,"href":"https:\/\/www.tornabuoniart.com\/fr\/wp-json\/wp\/v2\/categories?post=27122"},{"taxonomy":"post_tag","embeddable":true,"href":"https:\/\/www.tornabuoniart.com\/fr\/wp-json\/wp\/v2\/tags?post=27122"}],"curies":[{"name":"wp","href":"https:\/\/api.w.org\/{rel}","templated":true}]}}