{"id":45724,"date":"2022-04-12T14:39:17","date_gmt":"2022-04-12T13:39:17","guid":{"rendered":"https:\/\/www.tornabuoniart.com\/?p=45724"},"modified":"2022-05-31T11:55:56","modified_gmt":"2022-05-31T10:55:56","slug":"claudio-parmiggiani-on-fire","status":"publish","type":"post","link":"https:\/\/www.tornabuoniart.com\/en\/claudio-parmiggiani-on-fire\/","title":{"rendered":"Claudio Parmiggiani &#8211; On Fire"},"content":{"rendered":"<div class=\"wpb-content-wrapper\"><p>[vc_row][vc_column][vc_column_text]<\/p>\n<p style=\"text-align: center;\"><span style=\"color: #808080;\"><em><a style=\"color: #808080;\" href=\"https:\/\/tornabuoniart.com\/it\/on-fire\/\">&lt;&lt; back to menu<\/a><\/em><\/span><\/p>\n<p>[\/vc_column_text][\/vc_column][\/vc_row][vc_row][vc_column][vc_video link=&#8221;https:\/\/vimeo.com\/698586508&#8243;][vc_separator][vc_empty_space][vc_separator][vc_column_text]<\/p>\n<h2 style=\"text-align: left;\">Exhibition views<\/h2>\n<p>[\/vc_column_text][vc_gallery interval=&#8221;3&#8243; images=&#8221;46696,47095&#8243; img_size=&#8221;full&#8221;][vc_column_text]<\/p>\n<h2 style=\"text-align: center;\">Exhibited artworks<\/h2>\n<p>[\/vc_column_text][\/vc_column][\/vc_row][vc_row][vc_column width=&#8221;1\/2&#8243;][vc_empty_space][vc_empty_space height=&#8221;24px&#8221;][vc_single_image image=&#8221;45733&#8243; img_size=&#8221;1450&#215;1088&#8243; add_caption=&#8221;yes&#8221; alignment=&#8221;center&#8221;][vc_empty_space height=&#8221;24px&#8221;][vc_empty_space height=&#8221;24px&#8221;][vc_single_image image=&#8221;45741&#8243; img_size=&#8221;1450&#215;1088&#8243; add_caption=&#8221;yes&#8221; alignment=&#8221;center&#8221;][vc_empty_space height=&#8221;24px&#8221;][vc_empty_space height=&#8221;24px&#8221;][vc_single_image image=&#8221;45747&#8243; img_size=&#8221;1450&#215;1088&#8243; add_caption=&#8221;yes&#8221; alignment=&#8221;center&#8221;][vc_empty_space height=&#8221;24px&#8221;][vc_empty_space height=&#8221;24px&#8221;][vc_single_image image=&#8221;45753&#8243; img_size=&#8221;1631&#215;2175&#8243; add_caption=&#8221;yes&#8221; alignment=&#8221;center&#8221;][\/vc_column][vc_column width=&#8221;1\/2&#8243;][vc_empty_space][vc_empty_space][vc_single_image image=&#8221;45738&#8243; img_size=&#8221;1450&#215;1088&#8243; add_caption=&#8221;yes&#8221; alignment=&#8221;center&#8221;][vc_empty_space][vc_empty_space][vc_single_image image=&#8221;45744&#8243; img_size=&#8221;1450&#215;1088&#8243; add_caption=&#8221;yes&#8221; alignment=&#8221;center&#8221;][vc_empty_space][vc_empty_space][vc_single_image image=&#8221;45750&#8243; img_size=&#8221;1450&#215;1088&#8243; add_caption=&#8221;yes&#8221; alignment=&#8221;center&#8221;][\/vc_column][\/vc_row][vc_row][vc_column][vc_empty_space][vc_separator][vc_empty_space][\/vc_column][\/vc_row][vc_row][vc_column][vc_column_text]<\/p>\n<div class=\"page\" title=\"Page 44\">\n<div class=\"section\">\n<div class=\"layoutArea\">\n<div class=\"column\">\n<div class=\"page\" title=\"Page 39\">\n<div class=\"section\">\n<div class=\"layoutArea\">\n<div class=\"column\">\n<div class=\"page\" title=\"Page 49\">\n<div class=\"section\">\n<div class=\"layoutArea\">\n<div class=\"column\">\n<div class=\"page\" title=\"Page 58\">\n<div class=\"section\">\n<div class=\"layoutArea\">\n<div class=\"column\">\n<h2 style=\"text-align: center;\">Whenever I have used fire it was to work with a different material: ash and smoke. In these works it&#8217;s the smoke that sculpts, leaving not an imprint of the things but an ulterior dimension, almost a fourth dimension. Smoke as the blood of the flame.<\/h2>\n<\/div>\n<\/div>\n<\/div>\n<\/div>\n<\/div>\n<\/div>\n<\/div>\n<\/div>\n<\/div>\n<\/div>\n<\/div>\n<\/div>\n<\/div>\n<\/div>\n<\/div>\n<\/div>\n<p>[\/vc_column_text][vc_empty_space height=&#8221;24px&#8221;][\/vc_column][\/vc_row][vc_row][vc_column width=&#8221;1\/3&#8243;][\/vc_column][vc_column width=&#8221;1\/3&#8243;][vc_empty_space][vc_column_text]<\/p>\n<div class=\"page\" title=\"Page 44\">\n<div class=\"section\">\n<div class=\"layoutArea\">\n<div class=\"column\">\n<div class=\"page\" title=\"Page 39\">\n<div class=\"section\">\n<div class=\"layoutArea\">\n<div class=\"page\" title=\"Page 49\">\n<div class=\"section\">\n<div class=\"layoutArea\">\n<div class=\"column\">\n<div class=\"page\" title=\"Page 58\">\n<div class=\"section\">\n<div class=\"layoutArea\">\n<div class=\"column\">\n<h4 style=\"text-align: center;\">Claudio Parmiggiani, Una fede in niente ma totale, Le Lettere, Florence 2019, pp. 83-84<\/h4>\n<\/div>\n<\/div>\n<\/div>\n<\/div>\n<\/div>\n<\/div>\n<\/div>\n<\/div>\n<\/div>\n<\/div>\n<\/div>\n<\/div>\n<\/div>\n<\/div>\n<\/div>\n<p>[\/vc_column_text][\/vc_column][vc_column width=&#8221;1\/3&#8243;][\/vc_column][\/vc_row][vc_row][vc_column][vc_empty_space][vc_separator][vc_empty_space][\/vc_column][\/vc_row][vc_row][vc_column][vc_column_text]In 1970, <strong>Claudio Parmiggiani<\/strong> chose to occupy a space that served as storage in the Galleria di Modena. There he discovered traces of dust that had accumulated on the walls over the years. The artist then decided to make fire with tires and blankets and a light, gray smoke settled on the objects. Once the latter were removed, the remaining shadow transformed into a sculptural shape, a pattern of dust that fixed the oscillation of time from within.<\/p>\n<p>This form of representation resembles the photographic method which takes an image, inverts it, and creates a negative before being developed. His <em>Delocazioni<\/em> &#8211; the name given to the works he makes through this technique are an empty space of physical perceptions, where, paradoxically, the viewer has the sensation of entering an inhabited space. The absence of the objects makes the walls even lighter; there is nothing but their sooty outline to be seen. Parmiggiani will create an on-site installation for this exhibition.[\/vc_column_text][\/vc_column][\/vc_row][vc_row][vc_column][vc_empty_space][vc_separator][vc_empty_space][\/vc_column][\/vc_row][vc_row][vc_column width=&#8221;1\/2&#8243;][vc_single_image image=&#8221;47098&#8243; img_size=&#8221;large&#8221;][\/vc_column][vc_column width=&#8221;1\/2&#8243;][vc_column_text]<\/p>\n<div class=\"page\" title=\"Page 69\">\n<div class=\"section\">\n<div class=\"layoutArea\">\n<div class=\"column\">\n<div class=\"page\" title=\"Page 67\">\n<div class=\"section\">\n<div class=\"layoutArea\">\n<div class=\"column\">\n<div class=\"page\" title=\"Page 71\">\n<div class=\"section\">\n<div class=\"layoutArea\">\n<div class=\"column\">\n<div class=\"page\" title=\"Page 75\">\n<div class=\"section\">\n<div class=\"layoutArea\">\n<div class=\"column\">\n<p><strong>Claudio Parmiggiani<\/strong> was born in Luzzara in 1943, and studied at the Istituto di Belle Art di Modena. While still very young, he frequented the studio of Giorgio Morandi, who had a strong ethical, rather than stylistic influence on his work. Parmiggiani began to use painted plaster moulds on his works, which he called &#8220;sculpted paintings&#8221;.<\/p>\n<\/div>\n<p>His first exhibition was held at the Feltrinelli bookstore in Bologna in 1965: this was the period of Gruppo 63 and the poets associated with the literry magazine <em>Il verri<\/em> by Luciano Anceschi, with which Parmiggiani was closely involved. During this time he published numerous <em>libri-opera<\/em> (books as works of art).<\/p>\n<\/div>\n<p>From the mid-1960s, his artistic style was inspired by his insight in very original and pioneering ways. A radically iconoclastic spirit pervaded all his work. In 1970 he produced his first <em>Delocazioni<\/em>, works of shadow and imprints created using fire, dust and smoke, a radical reflection on the theme of absence and traces, later developed further to become the fundamental aspect of all his work. These pieces had an extremely strong visual and emotional impact; of special note were the theatrical works for the Mus\u00e9e d&#8217;Art Moderne et Contemporain in Geneva (1995), the Centre Pompidou in Paris (1997), the Promotrice delle Belle Art in Turin (1988), the Tel Aviv Museum of Art (2003), and the Coll\u00e8ge des Bernardins in Paris (2008).<\/p>\n<\/div>\n<p>In the early 1980s he began a series of important museum projects, including <em>Terra<\/em> (Earth) (1988), a sphere showing the handprints of the artist, which is buried in the cloister of the Mus\u00e9e des Beaux Arts in Lyon, a place of dialogue with the absence of the work and expression of his spiritual nature, even when this is invisible. He also held exhibitions at the Institut Mathildenh\u00f6he in Darmstadt (1992) and the Galerie hlavn\u00echo m\u00e8sta in Prague (1993). After 2000, he held important exhibitions in Cuba (2006), Moscow (2017) and Nashville (2019).<\/p>\n<\/div>\n<p>HIS work has been shown in a number of renowned international exhibitions, both public and private. Among his permanent works is the <em>Faro d&#8217;Islanda<\/em> (The lighthouse of Island) (2000), the <em>Ex-voto<\/em> (2007) at the Louvre, <em>Porta speciosa<\/em> (2013) at the Hermitage in Camaldoli and his artwork in the Chamber of Jupiter&#8217;s Loves in Villa Medici in Rome (2015).<\/p>\n<\/div>\n<\/div>\n<\/div>\n<\/div>\n<\/div>\n<\/div>\n<\/div>\n<\/div>\n<\/div>\n<\/div>\n<\/div>\n<\/div>\n<p>[\/vc_column_text][\/vc_column][\/vc_row]<\/p>\n<\/div>","protected":false},"excerpt":{"rendered":"<p>[vc_row][vc_column][vc_column_text] &lt;&lt; back to menu [\/vc_column_text][\/vc_column][\/vc_row][vc_row][vc_column][vc_video link=&#8221;https:\/\/vimeo.com\/698586508&#8243;][vc_separator][vc_empty_space][vc_separator][vc_column_text] Exhibition views [\/vc_column_text][vc_gallery interval=&#8221;3&#8243; images=&#8221;46696,47095&#8243; img_size=&#8221;full&#8221;][vc_column_text] Exhibited artworks [\/vc_column_text][\/vc_column][\/vc_row][vc_row][vc_column width=&#8221;1\/2&#8243;][vc_empty_space][vc_empty_space height=&#8221;24px&#8221;][vc_single_image image=&#8221;45733&#8243; img_size=&#8221;1450&#215;1088&#8243; add_caption=&#8221;yes&#8221; alignment=&#8221;center&#8221;][vc_empty_space height=&#8221;24px&#8221;][vc_empty_space height=&#8221;24px&#8221;][vc_single_image image=&#8221;45741&#8243; img_size=&#8221;1450&#215;1088&#8243;<\/p>\n","protected":false},"author":5,"featured_media":45313,"comment_status":"closed","ping_status":"open","sticky":false,"template":"","format":"standard","meta":{"_acf_changed":false,"footnotes":""},"categories":[295,1],"tags":[],"class_list":["post-45724","post","type-post","status-publish","format-standard","has-post-thumbnail","hentry","category-295","category-news"],"acf":[],"yoast_head":"<!-- This site is optimized with the Yoast SEO plugin v27.4 - https:\/\/yoast.com\/product\/yoast-seo-wordpress\/ -->\n<title>Claudio Parmiggiani - On Fire - Tornabuoni Art<\/title>\n<meta name=\"robots\" content=\"index, follow, max-snippet:-1, max-image-preview:large, max-video-preview:-1\" \/>\n<link rel=\"canonical\" href=\"https:\/\/www.tornabuoniart.com\/en\/claudio-parmiggiani-on-fire\/\" \/>\n<meta property=\"og:locale\" content=\"en_US\" \/>\n<meta property=\"og:type\" content=\"article\" \/>\n<meta property=\"og:title\" content=\"Claudio Parmiggiani - On Fire - Tornabuoni Art\" \/>\n<meta property=\"og:description\" content=\"[vc_row][vc_column][vc_column_text] &lt;&lt; back to menu [\/vc_column_text][\/vc_column][\/vc_row][vc_row][vc_column][vc_video link=&#8221;https:\/\/vimeo.com\/698586508&#8243;][vc_separator][vc_empty_space][vc_separator][vc_column_text] Exhibition views [\/vc_column_text][vc_gallery interval=&#8221;3&#8243; images=&#8221;46696,47095&#8243; img_size=&#8221;full&#8221;][vc_column_text] Exhibited artworks [\/vc_column_text][\/vc_column][\/vc_row][vc_row][vc_column width=&#8221;1\/2&#8243;][vc_empty_space][vc_empty_space height=&#8221;24px&#8221;][vc_single_image image=&#8221;45733&#8243; img_size=&#8221;1450&#215;1088&#8243; add_caption=&#8221;yes&#8221; alignment=&#8221;center&#8221;][vc_empty_space height=&#8221;24px&#8221;][vc_empty_space height=&#8221;24px&#8221;][vc_single_image image=&#8221;45741&#8243; img_size=&#8221;1450&#215;1088&#8243;\" \/>\n<meta property=\"og:url\" content=\"https:\/\/www.tornabuoniart.com\/en\/claudio-parmiggiani-on-fire\/\" \/>\n<meta property=\"og:site_name\" content=\"Tornabuoni Art\" \/>\n<meta property=\"article:publisher\" content=\"https:\/\/www.facebook.com\/TornabuoniArt\/\" \/>\n<meta property=\"article:published_time\" content=\"2022-04-12T13:39:17+00:00\" \/>\n<meta property=\"article:modified_time\" content=\"2022-05-31T10:55:56+00:00\" \/>\n<meta property=\"og:image\" content=\"https:\/\/www.tornabuoniart.com\/wp-content\/uploads\/2022\/03\/vignettes-scaled.jpg\" \/>\n\t<meta property=\"og:image:width\" content=\"2041\" \/>\n\t<meta property=\"og:image:height\" content=\"2560\" \/>\n\t<meta property=\"og:image:type\" content=\"image\/jpeg\" \/>\n<meta name=\"author\" content=\"TornabuoniArte Paris\" \/>\n<meta name=\"twitter:card\" content=\"summary_large_image\" \/>\n<meta name=\"twitter:creator\" content=\"@TornabuoniArt\" \/>\n<meta name=\"twitter:site\" content=\"@TornabuoniArt\" \/>\n<meta name=\"twitter:label1\" content=\"Written by\" \/>\n\t<meta name=\"twitter:data1\" content=\"TornabuoniArte Paris\" \/>\n\t<meta name=\"twitter:label2\" content=\"Est. reading time\" \/>\n\t<meta name=\"twitter:data2\" content=\"5 minutes\" \/>\n<script type=\"application\/ld+json\" class=\"yoast-schema-graph\">{\"@context\":\"https:\\\/\\\/schema.org\",\"@graph\":[{\"@type\":\"Article\",\"@id\":\"https:\\\/\\\/www.tornabuoniart.com\\\/en\\\/claudio-parmiggiani-on-fire\\\/#article\",\"isPartOf\":{\"@id\":\"https:\\\/\\\/www.tornabuoniart.com\\\/en\\\/claudio-parmiggiani-on-fire\\\/\"},\"author\":{\"name\":\"TornabuoniArte Paris\",\"@id\":\"https:\\\/\\\/www.tornabuoniart.com\\\/en\\\/#\\\/schema\\\/person\\\/e3a3961876c55fe7985792c5c806fff0\"},\"headline\":\"Claudio Parmiggiani &#8211; On Fire\",\"datePublished\":\"2022-04-12T13:39:17+00:00\",\"dateModified\":\"2022-05-31T10:55:56+00:00\",\"mainEntityOfPage\":{\"@id\":\"https:\\\/\\\/www.tornabuoniart.com\\\/en\\\/claudio-parmiggiani-on-fire\\\/\"},\"wordCount\":946,\"publisher\":{\"@id\":\"https:\\\/\\\/www.tornabuoniart.com\\\/en\\\/#organization\"},\"image\":{\"@id\":\"https:\\\/\\\/www.tornabuoniart.com\\\/en\\\/claudio-parmiggiani-on-fire\\\/#primaryimage\"},\"thumbnailUrl\":\"https:\\\/\\\/www.tornabuoniart.com\\\/wp-content\\\/uploads\\\/2022\\\/03\\\/vignettes-scaled.jpg\",\"articleSection\":[\"2022\",\"News\"],\"inLanguage\":\"en-US\"},{\"@type\":\"WebPage\",\"@id\":\"https:\\\/\\\/www.tornabuoniart.com\\\/en\\\/claudio-parmiggiani-on-fire\\\/\",\"url\":\"https:\\\/\\\/www.tornabuoniart.com\\\/en\\\/claudio-parmiggiani-on-fire\\\/\",\"name\":\"Claudio Parmiggiani - On Fire - Tornabuoni Art\",\"isPartOf\":{\"@id\":\"https:\\\/\\\/www.tornabuoniart.com\\\/en\\\/#website\"},\"primaryImageOfPage\":{\"@id\":\"https:\\\/\\\/www.tornabuoniart.com\\\/en\\\/claudio-parmiggiani-on-fire\\\/#primaryimage\"},\"image\":{\"@id\":\"https:\\\/\\\/www.tornabuoniart.com\\\/en\\\/claudio-parmiggiani-on-fire\\\/#primaryimage\"},\"thumbnailUrl\":\"https:\\\/\\\/www.tornabuoniart.com\\\/wp-content\\\/uploads\\\/2022\\\/03\\\/vignettes-scaled.jpg\",\"datePublished\":\"2022-04-12T13:39:17+00:00\",\"dateModified\":\"2022-05-31T10:55:56+00:00\",\"breadcrumb\":{\"@id\":\"https:\\\/\\\/www.tornabuoniart.com\\\/en\\\/claudio-parmiggiani-on-fire\\\/#breadcrumb\"},\"inLanguage\":\"en-US\",\"potentialAction\":[{\"@type\":\"ReadAction\",\"target\":[\"https:\\\/\\\/www.tornabuoniart.com\\\/en\\\/claudio-parmiggiani-on-fire\\\/\"]}]},{\"@type\":\"ImageObject\",\"inLanguage\":\"en-US\",\"@id\":\"https:\\\/\\\/www.tornabuoniart.com\\\/en\\\/claudio-parmiggiani-on-fire\\\/#primaryimage\",\"url\":\"https:\\\/\\\/www.tornabuoniart.com\\\/wp-content\\\/uploads\\\/2022\\\/03\\\/vignettes-scaled.jpg\",\"contentUrl\":\"https:\\\/\\\/www.tornabuoniart.com\\\/wp-content\\\/uploads\\\/2022\\\/03\\\/vignettes-scaled.jpg\",\"width\":2041,\"height\":2560},{\"@type\":\"BreadcrumbList\",\"@id\":\"https:\\\/\\\/www.tornabuoniart.com\\\/en\\\/claudio-parmiggiani-on-fire\\\/#breadcrumb\",\"itemListElement\":[{\"@type\":\"ListItem\",\"position\":1,\"name\":\"Home\",\"item\":\"https:\\\/\\\/www.tornabuoniart.com\\\/en\\\/\"},{\"@type\":\"ListItem\",\"position\":2,\"name\":\"Claudio Parmiggiani &#8211; On Fire\"}]},{\"@type\":\"WebSite\",\"@id\":\"https:\\\/\\\/www.tornabuoniart.com\\\/en\\\/#website\",\"url\":\"https:\\\/\\\/www.tornabuoniart.com\\\/en\\\/\",\"name\":\"Tornabuoni Art\",\"description\":\"Modern &amp; Contemporary Art Gallery\",\"publisher\":{\"@id\":\"https:\\\/\\\/www.tornabuoniart.com\\\/en\\\/#organization\"},\"potentialAction\":[{\"@type\":\"SearchAction\",\"target\":{\"@type\":\"EntryPoint\",\"urlTemplate\":\"https:\\\/\\\/www.tornabuoniart.com\\\/en\\\/?s={search_term_string}\"},\"query-input\":{\"@type\":\"PropertyValueSpecification\",\"valueRequired\":true,\"valueName\":\"search_term_string\"}}],\"inLanguage\":\"en-US\"},{\"@type\":\"Organization\",\"@id\":\"https:\\\/\\\/www.tornabuoniart.com\\\/en\\\/#organization\",\"name\":\"Tornabuoni Art\",\"url\":\"https:\\\/\\\/www.tornabuoniart.com\\\/en\\\/\",\"logo\":{\"@type\":\"ImageObject\",\"inLanguage\":\"en-US\",\"@id\":\"https:\\\/\\\/www.tornabuoniart.com\\\/en\\\/#\\\/schema\\\/logo\\\/image\\\/\",\"url\":\"http:\\\/\\\/www.tornabuoniart.com\\\/wp-content\\\/uploads\\\/2019\\\/04\\\/logo_tornabuoni-art2-2-grey.png\",\"contentUrl\":\"http:\\\/\\\/www.tornabuoniart.com\\\/wp-content\\\/uploads\\\/2019\\\/04\\\/logo_tornabuoni-art2-2-grey.png\",\"width\":961,\"height\":136,\"caption\":\"Tornabuoni Art\"},\"image\":{\"@id\":\"https:\\\/\\\/www.tornabuoniart.com\\\/en\\\/#\\\/schema\\\/logo\\\/image\\\/\"},\"sameAs\":[\"https:\\\/\\\/www.facebook.com\\\/TornabuoniArt\\\/\",\"https:\\\/\\\/x.com\\\/TornabuoniArt\",\"https:\\\/\\\/www.instagram.com\\\/tornabuoniart\\\/\"]},{\"@type\":\"Person\",\"@id\":\"https:\\\/\\\/www.tornabuoniart.com\\\/en\\\/#\\\/schema\\\/person\\\/e3a3961876c55fe7985792c5c806fff0\",\"name\":\"TornabuoniArte Paris\",\"image\":{\"@type\":\"ImageObject\",\"inLanguage\":\"en-US\",\"@id\":\"https:\\\/\\\/secure.gravatar.com\\\/avatar\\\/2bc2bba47aee0dad7617f047f148e7f6d09795b36f82a9708d50a1e02175ba49?s=96&d=mm&r=g\",\"url\":\"https:\\\/\\\/secure.gravatar.com\\\/avatar\\\/2bc2bba47aee0dad7617f047f148e7f6d09795b36f82a9708d50a1e02175ba49?s=96&d=mm&r=g\",\"contentUrl\":\"https:\\\/\\\/secure.gravatar.com\\\/avatar\\\/2bc2bba47aee0dad7617f047f148e7f6d09795b36f82a9708d50a1e02175ba49?s=96&d=mm&r=g\",\"caption\":\"TornabuoniArte Paris\"},\"url\":\"https:\\\/\\\/www.tornabuoniart.com\\\/en\\\/author\\\/tornabuoniartparis\\\/\"}]}<\/script>\n<!-- \/ Yoast SEO plugin. -->","yoast_head_json":{"title":"Claudio Parmiggiani - On Fire - Tornabuoni Art","robots":{"index":"index","follow":"follow","max-snippet":"max-snippet:-1","max-image-preview":"max-image-preview:large","max-video-preview":"max-video-preview:-1"},"canonical":"https:\/\/www.tornabuoniart.com\/en\/claudio-parmiggiani-on-fire\/","og_locale":"en_US","og_type":"article","og_title":"Claudio Parmiggiani - On Fire - Tornabuoni Art","og_description":"[vc_row][vc_column][vc_column_text] &lt;&lt; back to menu [\/vc_column_text][\/vc_column][\/vc_row][vc_row][vc_column][vc_video link=&#8221;https:\/\/vimeo.com\/698586508&#8243;][vc_separator][vc_empty_space][vc_separator][vc_column_text] Exhibition views [\/vc_column_text][vc_gallery interval=&#8221;3&#8243; images=&#8221;46696,47095&#8243; img_size=&#8221;full&#8221;][vc_column_text] Exhibited artworks [\/vc_column_text][\/vc_column][\/vc_row][vc_row][vc_column width=&#8221;1\/2&#8243;][vc_empty_space][vc_empty_space height=&#8221;24px&#8221;][vc_single_image image=&#8221;45733&#8243; img_size=&#8221;1450&#215;1088&#8243; add_caption=&#8221;yes&#8221; alignment=&#8221;center&#8221;][vc_empty_space height=&#8221;24px&#8221;][vc_empty_space height=&#8221;24px&#8221;][vc_single_image image=&#8221;45741&#8243; img_size=&#8221;1450&#215;1088&#8243;","og_url":"https:\/\/www.tornabuoniart.com\/en\/claudio-parmiggiani-on-fire\/","og_site_name":"Tornabuoni Art","article_publisher":"https:\/\/www.facebook.com\/TornabuoniArt\/","article_published_time":"2022-04-12T13:39:17+00:00","article_modified_time":"2022-05-31T10:55:56+00:00","og_image":[{"width":2041,"height":2560,"url":"https:\/\/www.tornabuoniart.com\/wp-content\/uploads\/2022\/03\/vignettes-scaled.jpg","type":"image\/jpeg"}],"author":"TornabuoniArte Paris","twitter_card":"summary_large_image","twitter_creator":"@TornabuoniArt","twitter_site":"@TornabuoniArt","twitter_misc":{"Written by":"TornabuoniArte Paris","Est. reading time":"5 minutes"},"schema":{"@context":"https:\/\/schema.org","@graph":[{"@type":"Article","@id":"https:\/\/www.tornabuoniart.com\/en\/claudio-parmiggiani-on-fire\/#article","isPartOf":{"@id":"https:\/\/www.tornabuoniart.com\/en\/claudio-parmiggiani-on-fire\/"},"author":{"name":"TornabuoniArte Paris","@id":"https:\/\/www.tornabuoniart.com\/en\/#\/schema\/person\/e3a3961876c55fe7985792c5c806fff0"},"headline":"Claudio Parmiggiani &#8211; On Fire","datePublished":"2022-04-12T13:39:17+00:00","dateModified":"2022-05-31T10:55:56+00:00","mainEntityOfPage":{"@id":"https:\/\/www.tornabuoniart.com\/en\/claudio-parmiggiani-on-fire\/"},"wordCount":946,"publisher":{"@id":"https:\/\/www.tornabuoniart.com\/en\/#organization"},"image":{"@id":"https:\/\/www.tornabuoniart.com\/en\/claudio-parmiggiani-on-fire\/#primaryimage"},"thumbnailUrl":"https:\/\/www.tornabuoniart.com\/wp-content\/uploads\/2022\/03\/vignettes-scaled.jpg","articleSection":["2022","News"],"inLanguage":"en-US"},{"@type":"WebPage","@id":"https:\/\/www.tornabuoniart.com\/en\/claudio-parmiggiani-on-fire\/","url":"https:\/\/www.tornabuoniart.com\/en\/claudio-parmiggiani-on-fire\/","name":"Claudio Parmiggiani - On Fire - Tornabuoni Art","isPartOf":{"@id":"https:\/\/www.tornabuoniart.com\/en\/#website"},"primaryImageOfPage":{"@id":"https:\/\/www.tornabuoniart.com\/en\/claudio-parmiggiani-on-fire\/#primaryimage"},"image":{"@id":"https:\/\/www.tornabuoniart.com\/en\/claudio-parmiggiani-on-fire\/#primaryimage"},"thumbnailUrl":"https:\/\/www.tornabuoniart.com\/wp-content\/uploads\/2022\/03\/vignettes-scaled.jpg","datePublished":"2022-04-12T13:39:17+00:00","dateModified":"2022-05-31T10:55:56+00:00","breadcrumb":{"@id":"https:\/\/www.tornabuoniart.com\/en\/claudio-parmiggiani-on-fire\/#breadcrumb"},"inLanguage":"en-US","potentialAction":[{"@type":"ReadAction","target":["https:\/\/www.tornabuoniart.com\/en\/claudio-parmiggiani-on-fire\/"]}]},{"@type":"ImageObject","inLanguage":"en-US","@id":"https:\/\/www.tornabuoniart.com\/en\/claudio-parmiggiani-on-fire\/#primaryimage","url":"https:\/\/www.tornabuoniart.com\/wp-content\/uploads\/2022\/03\/vignettes-scaled.jpg","contentUrl":"https:\/\/www.tornabuoniart.com\/wp-content\/uploads\/2022\/03\/vignettes-scaled.jpg","width":2041,"height":2560},{"@type":"BreadcrumbList","@id":"https:\/\/www.tornabuoniart.com\/en\/claudio-parmiggiani-on-fire\/#breadcrumb","itemListElement":[{"@type":"ListItem","position":1,"name":"Home","item":"https:\/\/www.tornabuoniart.com\/en\/"},{"@type":"ListItem","position":2,"name":"Claudio Parmiggiani &#8211; On Fire"}]},{"@type":"WebSite","@id":"https:\/\/www.tornabuoniart.com\/en\/#website","url":"https:\/\/www.tornabuoniart.com\/en\/","name":"Tornabuoni Art","description":"Modern &amp; Contemporary Art Gallery","publisher":{"@id":"https:\/\/www.tornabuoniart.com\/en\/#organization"},"potentialAction":[{"@type":"SearchAction","target":{"@type":"EntryPoint","urlTemplate":"https:\/\/www.tornabuoniart.com\/en\/?s={search_term_string}"},"query-input":{"@type":"PropertyValueSpecification","valueRequired":true,"valueName":"search_term_string"}}],"inLanguage":"en-US"},{"@type":"Organization","@id":"https:\/\/www.tornabuoniart.com\/en\/#organization","name":"Tornabuoni Art","url":"https:\/\/www.tornabuoniart.com\/en\/","logo":{"@type":"ImageObject","inLanguage":"en-US","@id":"https:\/\/www.tornabuoniart.com\/en\/#\/schema\/logo\/image\/","url":"http:\/\/www.tornabuoniart.com\/wp-content\/uploads\/2019\/04\/logo_tornabuoni-art2-2-grey.png","contentUrl":"http:\/\/www.tornabuoniart.com\/wp-content\/uploads\/2019\/04\/logo_tornabuoni-art2-2-grey.png","width":961,"height":136,"caption":"Tornabuoni Art"},"image":{"@id":"https:\/\/www.tornabuoniart.com\/en\/#\/schema\/logo\/image\/"},"sameAs":["https:\/\/www.facebook.com\/TornabuoniArt\/","https:\/\/x.com\/TornabuoniArt","https:\/\/www.instagram.com\/tornabuoniart\/"]},{"@type":"Person","@id":"https:\/\/www.tornabuoniart.com\/en\/#\/schema\/person\/e3a3961876c55fe7985792c5c806fff0","name":"TornabuoniArte Paris","image":{"@type":"ImageObject","inLanguage":"en-US","@id":"https:\/\/secure.gravatar.com\/avatar\/2bc2bba47aee0dad7617f047f148e7f6d09795b36f82a9708d50a1e02175ba49?s=96&d=mm&r=g","url":"https:\/\/secure.gravatar.com\/avatar\/2bc2bba47aee0dad7617f047f148e7f6d09795b36f82a9708d50a1e02175ba49?s=96&d=mm&r=g","contentUrl":"https:\/\/secure.gravatar.com\/avatar\/2bc2bba47aee0dad7617f047f148e7f6d09795b36f82a9708d50a1e02175ba49?s=96&d=mm&r=g","caption":"TornabuoniArte Paris"},"url":"https:\/\/www.tornabuoniart.com\/en\/author\/tornabuoniartparis\/"}]}},"_links":{"self":[{"href":"https:\/\/www.tornabuoniart.com\/en\/wp-json\/wp\/v2\/posts\/45724","targetHints":{"allow":["GET"]}}],"collection":[{"href":"https:\/\/www.tornabuoniart.com\/en\/wp-json\/wp\/v2\/posts"}],"about":[{"href":"https:\/\/www.tornabuoniart.com\/en\/wp-json\/wp\/v2\/types\/post"}],"author":[{"embeddable":true,"href":"https:\/\/www.tornabuoniart.com\/en\/wp-json\/wp\/v2\/users\/5"}],"replies":[{"embeddable":true,"href":"https:\/\/www.tornabuoniart.com\/en\/wp-json\/wp\/v2\/comments?post=45724"}],"version-history":[{"count":5,"href":"https:\/\/www.tornabuoniart.com\/en\/wp-json\/wp\/v2\/posts\/45724\/revisions"}],"predecessor-version":[{"id":47414,"href":"https:\/\/www.tornabuoniart.com\/en\/wp-json\/wp\/v2\/posts\/45724\/revisions\/47414"}],"wp:featuredmedia":[{"embeddable":true,"href":"https:\/\/www.tornabuoniart.com\/en\/wp-json\/wp\/v2\/media\/45313"}],"wp:attachment":[{"href":"https:\/\/www.tornabuoniart.com\/en\/wp-json\/wp\/v2\/media?parent=45724"}],"wp:term":[{"taxonomy":"category","embeddable":true,"href":"https:\/\/www.tornabuoniart.com\/en\/wp-json\/wp\/v2\/categories?post=45724"},{"taxonomy":"post_tag","embeddable":true,"href":"https:\/\/www.tornabuoniart.com\/en\/wp-json\/wp\/v2\/tags?post=45724"}],"curies":[{"name":"wp","href":"https:\/\/api.w.org\/{rel}","templated":true}]}}